{"id":5629,"date":"2026-08-04T20:17:15","date_gmt":"2026-08-05T01:17:15","guid":{"rendered":"https:\/\/universoradio.co\/?p=5629"},"modified":"2026-08-04T20:17:15","modified_gmt":"2026-08-05T01:17:15","slug":"luto-en-la-television-colombiana-murio-alfonso-lizarazo-fundador-de-sabados-felices","status":"publish","type":"post","link":"https:\/\/universoradio.co\/?p=5629","title":{"rendered":"Luto en la televisi\u00f3n colombiana: muri\u00f3 Alfonso Lizarazo, fundador de S\u00e1bados Felices"},"content":{"rendered":"\n<p class=\"has-drop-cap wp-block-paragraph\">Colombia despide este martes a una de sus figuras m\u00e1s emblem\u00e1ticas y queridas de la pantalla chica.\u00a0<strong>Alfonso Lizarazo S\u00e1nchez<\/strong>, el cerebro detr\u00e1s de\u00a0S\u00e1bados Felices\u00a0y nacido en Bucaramanga en 1940, falleci\u00f3 este\u00a0<strong>4 de agosto de 2026<\/strong>\u00a0<strong>en la capital del pa\u00eds.<\/strong><\/p>\n\n\n\n<p class=\"wp-block-paragraph\">Seg\u00fan informaron fuentes cercanas, el presentador ven\u00eda batallando desde hace varios a\u00f1os\u00a0<strong>con complicaciones de salud, espec\u00edficamente problemas cardiacos.<\/strong><\/p>\n\n\n\n<p class=\"wp-block-paragraph\">Lleg\u00f3 a Bogot\u00e1 a los 18 a\u00f1os con el sue\u00f1o de ser ingeniero o abogado, pero su destino cambi\u00f3 cuando comenz\u00f3 a trabajar en los controles de una emisora. R\u00e1pidamente escal\u00f3 posiciones hasta convertirse en el director de\u00a0<strong>\u2018Radio 15\u2019<\/strong>,\u00a0<strong>donde se consolid\u00f3 como una figura clave de la Nueva Ola colombiana y pionero de los sistemas de emisoras juveniles en las principales ciudades del pa\u00eds.<\/strong><\/p>\n\n\n\n<p class=\"wp-block-paragraph\">Su nombre ser\u00e1 recordado eternamente como el creador de\u00a0S\u00e1bados Felices,\u00a0<strong>el programa humor\u00edstico m\u00e1s exitoso y longevo de la televisi\u00f3n nacional.<\/strong><\/p>\n\n\n\n<p class=\"wp-block-paragraph\">Durante\u00a0<strong>26 a\u00f1os consecutivos<\/strong>, desde 1972, Lizarazo dirigi\u00f3 y present\u00f3 este espacio, donde no solo impuls\u00f3 a nuevas generaciones de comediantes, sino que tambi\u00e9n cre\u00f3 el\u00a0<strong>Festival Internacional del Humor<\/strong>.<\/p>\n\n\n\n<p class=\"wp-block-paragraph\">M\u00e1s all\u00e1 del entretenimiento, Lizarazo utiliz\u00f3 su plataforma para transformar vidas a trav\u00e9s de la campa\u00f1a solidaria\u00a0<strong>\u2018Lleva una escuelita en el coraz\u00f3n\u2019<\/strong>.\u00a0<strong>Con esta iniciativa, el elenco del programa recorri\u00f3 las regiones m\u00e1s apartadas de Colombia para construir escuelas, dejando una huella imborrable en la educaci\u00f3n rural del pa\u00eds.<\/strong><\/p>\n\n\n\n<figure class=\"wp-block-image\"><a class=\"WhatsappChannel-Button\" href=\"https:\/\/whatsapp.com\/channel\/0029VZzECroKQuJTpqIIYh23\" target=\"_blank\" rel=\"noreferrer noopener\"><img decoding=\"async\" src=\"https:\/\/www.bluradio.com\/styleguide\/assets\/icons\/whatsapp-channel.svg\" alt=\"WhatsApp-Channel\"\/><\/a><\/figure>\n","protected":false},"excerpt":{"rendered":"<p>Colombia despide este martes a una de sus figuras m\u00e1s emblem\u00e1ticas y queridas de la pantalla chica.\u00a0Alfonso Lizarazo S\u00e1nchez, el cerebro detr\u00e1s de\u00a0S\u00e1bados Felices\u00a0y nacido en Bucaramanga en 1940, falleci\u00f3 este\u00a04 de agosto de 2026\u00a0en la capital del pa\u00eds. Seg\u00fan informaron fuentes cercanas, el presentador ven\u00eda batallando desde hace varios a\u00f1os\u00a0con complicaciones de salud, espec\u00edficamente&#8230;<\/p>\n","protected":false},"author":2,"featured_media":5630,"comment_status":"closed","ping_status":"","sticky":false,"template":"","format":"standard","meta":{"rs_blank_template":"","rs_page_bg_color":"","slide_template_v7":"","_kad_post_transparent":"","_kad_post_title":"","_kad_post_layout":"","_kad_post_sidebar_id":"","_kad_post_content_style":"","_kad_post_vertical_padding":"","_kad_post_feature":"","_kad_post_feature_position":"","_kad_post_header":false,"_kad_post_footer":false,"_kad_post_classname":"","footnotes":""},"categories":[56],"tags":[],"class_list":["post-5629","post","type-post","status-publish","format-standard","has-post-thumbnail","hentry","category-nacional"],"_links":{"self":[{"href":"https:\/\/universoradio.co\/index.php?rest_route=\/wp\/v2\/posts\/5629","targetHints":{"allow":["GET"]}}],"collection":[{"href":"https:\/\/universoradio.co\/index.php?rest_route=\/wp\/v2\/posts"}],"about":[{"href":"https:\/\/universoradio.co\/index.php?rest_route=\/wp\/v2\/types\/post"}],"author":[{"embeddable":true,"href":"https:\/\/universoradio.co\/index.php?rest_route=\/wp\/v2\/users\/2"}],"replies":[{"embeddable":true,"href":"https:\/\/universoradio.co\/index.php?rest_route=%2Fwp%2Fv2%2Fcomments&post=5629"}],"version-history":[{"count":1,"href":"https:\/\/universoradio.co\/index.php?rest_route=\/wp\/v2\/posts\/5629\/revisions"}],"predecessor-version":[{"id":5631,"href":"https:\/\/universoradio.co\/index.php?rest_route=\/wp\/v2\/posts\/5629\/revisions\/5631"}],"wp:featuredmedia":[{"embeddable":true,"href":"https:\/\/universoradio.co\/index.php?rest_route=\/wp\/v2\/media\/5630"}],"wp:attachment":[{"href":"https:\/\/universoradio.co\/index.php?rest_route=%2Fwp%2Fv2%2Fmedia&parent=5629"}],"wp:term":[{"taxonomy":"category","embeddable":true,"href":"https:\/\/universoradio.co\/index.php?rest_route=%2Fwp%2Fv2%2Fcategories&post=5629"},{"taxonomy":"post_tag","embeddable":true,"href":"https:\/\/universoradio.co\/index.php?rest_route=%2Fwp%2Fv2%2Ftags&post=5629"}],"curies":[{"name":"wp","href":"https:\/\/api.w.org\/{rel}","templated":true}]}}