{"id":5635,"date":"2026-08-04T20:24:26","date_gmt":"2026-08-05T01:24:26","guid":{"rendered":"https:\/\/universoradio.co\/?p=5635"},"modified":"2026-08-04T20:24:26","modified_gmt":"2026-08-05T01:24:26","slug":"tener-la-sede-permanente-de-la-subdireccion-general-de-policia-fortalecera-la-seguridad-de-barranquilla-y-de-colombia-alcalde-char","status":"publish","type":"post","link":"https:\/\/universoradio.co\/?p=5635","title":{"rendered":"Tener la sede permanente de la Subdirecci\u00f3n General de Polic\u00eda fortalecer\u00e1 la seguridad de Barranquilla y de Colombia!: alcalde Char\u00a0"},"content":{"rendered":"\n<p class=\"has-drop-cap wp-block-paragraph\">Barranquilla fue el epicentro de la primera Cumbre de Seguridad Urbana realizada por el presidente electo, Abelardo de la Espriella. Un mensaje claro de las prioridades del gobierno entrante.\u00a0<br><br>Para el alcalde Alejandro Char, recibir en Barranquilla a los alcaldes de las principales ciudades del pa\u00eds para atender el llamado del presidente electo, denota un nuevo orden en la relaci\u00f3n entre los mandatarios y el nuevo Gobierno, que pone sobre la mesa la situaci\u00f3n de seguridad que viven los territorios y que, desde el 7 de agosto, ser\u00e1 atendida con urgencia para brindar el acompa\u00f1amiento necesario a los mandatarios locales.<br><br>A trav\u00e9s de su cuenta de X, el alcalde Alejandro Char, reaccion\u00f3 al anuncio del presidente De La Espriella de establecer a Barranquilla como la sede permanente de la subdirecci\u00f3n general de la Polic\u00eda Nacional.<br><br>\u201c\u00a1Tener la sede permanente de la Subdirecci\u00f3n General de Polic\u00eda fortalecer\u00e1 la seguridad de Barranquilla y de Colombia! Hoy participamos en la Cumbre de Seguridad Urbana junto con nuestro presidente electo, @ABDELAESPRIELLA, y los alcaldes de las ciudades capitales del pa\u00eds para unir esfuerzos y construir soluciones frente a los desaf\u00edos de seguridad que enfrentan nuestras regiones. Adem\u00e1s, la decisi\u00f3n de establecer en Barranquilla la sede permanente de la Subdirecci\u00f3n General de la Polic\u00eda Nacional fortalece el trabajo conjunto por la seguridad de nuestra ciudad y de toda Colombia. Agradecemos al presidente electo por esta decisi\u00f3n. \u00a1En Barranquilla y Colombia no bajamos la guardia!\u201d. (<a href=\"https:\/\/x.com\/AlejandroChar\/status\/2084755136950436064?s=20\" target=\"_blank\" rel=\"noreferrer noopener\">Ver publicaci\u00f3n<\/a>)<br><br>Barranquilla ha sido una de las ciudades que con mayor insistencia ha reclamado el acompa\u00f1amiento del Gobierno nacional frente a la situaci\u00f3n de seguridad, un llamado que el alcalde Alejandro Char ha abanderado con firmeza, convencido de que enfrentar esta problem\u00e1tica exige una acci\u00f3n conjunta entre el Distrito y la naci\u00f3n. Por eso, el mandatario celebr\u00f3 el respaldo decidido que en este frente ha mostrado el nuevo gobierno, al que calific\u00f3 como un paso fundamental para fortalecer el trabajo articulado contra la delincuencia y para el bienestar de los ciudadanos.<br><br>Este anuncio, Barranquilla lo recibe como un espaldarazo a la gesti\u00f3n que, en materia de modernizaci\u00f3n e infraestructura, viene realizando el alcalde Char con inversiones superiores a los $113 mil millones en dotaci\u00f3n tecnol\u00f3gica, estaciones, megaestaciones, parque automotor y nuevos CAI, entre otros. El mandatario a\u00f1adi\u00f3 que \u201cestas inversiones, acompa\u00f1adas ahora de la estrategia coordinada con el Gobierno nacional, fortalecer\u00e1n la capacidad de respuesta de la fuerza p\u00fablica frente a los problemas de seguridad que afectan a la ciudad y el pa\u00eds en la lucha contra las estructuras criminales\u201d.<\/p>\n","protected":false},"excerpt":{"rendered":"<p>Barranquilla fue el epicentro de la primera Cumbre de Seguridad Urbana realizada por el presidente electo, Abelardo de la Espriella. Un mensaje claro de las prioridades del gobierno entrante.\u00a0 Para el alcalde Alejandro Char, recibir en Barranquilla a los alcaldes de las principales ciudades del pa\u00eds para atender el llamado del presidente electo, denota un&#8230;<\/p>\n","protected":false},"author":2,"featured_media":5636,"comment_status":"closed","ping_status":"","sticky":false,"template":"","format":"standard","meta":{"rs_blank_template":"","rs_page_bg_color":"","slide_template_v7":"","_kad_post_transparent":"","_kad_post_title":"","_kad_post_layout":"","_kad_post_sidebar_id":"","_kad_post_content_style":"","_kad_post_vertical_padding":"","_kad_post_feature":"","_kad_post_feature_position":"","_kad_post_header":false,"_kad_post_footer":false,"_kad_post_classname":"","footnotes":""},"categories":[54],"tags":[],"class_list":["post-5635","post","type-post","status-publish","format-standard","has-post-thumbnail","hentry","category-barranquilla"],"_links":{"self":[{"href":"https:\/\/universoradio.co\/index.php?rest_route=\/wp\/v2\/posts\/5635","targetHints":{"allow":["GET"]}}],"collection":[{"href":"https:\/\/universoradio.co\/index.php?rest_route=\/wp\/v2\/posts"}],"about":[{"href":"https:\/\/universoradio.co\/index.php?rest_route=\/wp\/v2\/types\/post"}],"author":[{"embeddable":true,"href":"https:\/\/universoradio.co\/index.php?rest_route=\/wp\/v2\/users\/2"}],"replies":[{"embeddable":true,"href":"https:\/\/universoradio.co\/index.php?rest_route=%2Fwp%2Fv2%2Fcomments&post=5635"}],"version-history":[{"count":1,"href":"https:\/\/universoradio.co\/index.php?rest_route=\/wp\/v2\/posts\/5635\/revisions"}],"predecessor-version":[{"id":5637,"href":"https:\/\/universoradio.co\/index.php?rest_route=\/wp\/v2\/posts\/5635\/revisions\/5637"}],"wp:featuredmedia":[{"embeddable":true,"href":"https:\/\/universoradio.co\/index.php?rest_route=\/wp\/v2\/media\/5636"}],"wp:attachment":[{"href":"https:\/\/universoradio.co\/index.php?rest_route=%2Fwp%2Fv2%2Fmedia&parent=5635"}],"wp:term":[{"taxonomy":"category","embeddable":true,"href":"https:\/\/universoradio.co\/index.php?rest_route=%2Fwp%2Fv2%2Fcategories&post=5635"},{"taxonomy":"post_tag","embeddable":true,"href":"https:\/\/universoradio.co\/index.php?rest_route=%2Fwp%2Fv2%2Ftags&post=5635"}],"curies":[{"name":"wp","href":"https:\/\/api.w.org\/{rel}","templated":true}]}}