{"id":5638,"date":"2026-08-04T20:26:55","date_gmt":"2026-08-05T01:26:55","guid":{"rendered":"https:\/\/universoradio.co\/?p=5638"},"modified":"2026-08-04T20:26:55","modified_gmt":"2026-08-05T01:26:55","slug":"con-formacion-a-docentes-y-estudiantes-en-el-idioma-frances-ahora-barranquilla-le-apuesta-al-plurilinguismo","status":"publish","type":"post","link":"https:\/\/universoradio.co\/?p=5638","title":{"rendered":"Con formaci\u00f3n a docentes y estudiantes en el idioma franc\u00e9s, ahora Barranquilla le apuesta al pluriling\u00fcismo\u00a0"},"content":{"rendered":"\n<ul class=\"wp-block-list\">\n<li><strong>Iniciativa denominada L\u2019\u00c9cole de BAQ, que culmina su primera etapa, promueve el pluriling\u00fcismo y ampl\u00eda las oportunidades educativas de docentes y estudiantes de los colegios oficiales de la ciudad.<\/strong><\/li>\n<\/ul>\n\n\n\n<p class=\"has-drop-cap wp-block-paragraph\">La Alcald\u00eda de Barranquilla, a trav\u00e9s de la Secretar\u00eda Distrital de Educaci\u00f3n, celebr\u00f3 el cierre de la primera etapa de\u00a0<em>L\u2019\u00c9cole de BAQ: Ton passeport pour le monde francophone<\/em>\u00a0(La Escuela de BAQ: tu pasaporte al mundo franc\u00f3fono), una iniciativa que promueve el pluriling\u00fcismo y ampl\u00eda las oportunidades acad\u00e9micas de los estudiantes de los colegios oficiales de la ciudad.<br>\u00a0<br>El proyecto, desarrollado en alianza con la Embajada de Francia en Colombia y la Alianza Francesa de Barranquilla, beneficia a las instituciones educativas distritales Marco Fidel Su\u00e1rez, La Libertad, Alexander Von Humboldt, Universal y Jorge Nicol\u00e1s Abello.<br>\u00a0<br>\u201cYa una vez iniciamos la ruta hacia el biling\u00fcismo con la formaci\u00f3n de docentes y estudiantes, esta vez vemos con mucho entusiasmo los primeros resultados del pluriling\u00fcismo con la introducci\u00f3n del franc\u00e9s en nuestras instituciones educativas. Esto es un gran avance que nos permite seguir construyendo bases para una sociedad m\u00e1s y mejor capacitada. Antes era impensable aprender franc\u00e9s en un colegio p\u00fablico, gratis, y hoy es una realidad gracias a la confianza de nuestros ciudadanos\u201d, destac\u00f3 el alcalde de Barranquilla, Alejandro Char.<br>\u00a0<br>Durante esta primera etapa, 1.300 estudiantes recibieron formaci\u00f3n en franc\u00e9s desde las aulas de clase y 10 docentes fortalecieron sus competencias ling\u00fc\u00edsticas, pedag\u00f3gicas y metodol\u00f3gicas para orientar procesos de aprendizaje centrados en el estudiante, la comunicaci\u00f3n y el uso pr\u00e1ctico del idioma.<br>\u00a0<br>Por su parte, la secretaria distrital de Educaci\u00f3n, Paola Amar, destac\u00f3 que el proyecto consolida la apuesta de la ciudad por una educaci\u00f3n p\u00fablica innovadora y de alcance global: \u201cBajo el liderazgo de nuestro alcalde Alejandro Char, seguimos ampliando las oportunidades de aprendizaje en nuestros colegios oficiales. Con L\u2019\u00c9cole de BAQ fortalecemos las capacidades de nuestros docentes y acercamos a los estudiantes a una nueva lengua y a otras culturas, brind\u00e1ndoles herramientas para desenvolverse en un mundo cada vez m\u00e1s conectado. Esta primera etapa demuestra que el talento, la disciplina y el entusiasmo de nuestra comunidad educativa pueden abrir caminos que trascienden las fronteras\u201d.<br>\u00a0<br><strong>Talento y compromiso en las aulas<\/strong><br>\u00a0<br>El cierre de esta primera etapa permiti\u00f3 reconocer el trabajo de docentes y estudiantes, quienes compartieron sus avances, experiencias y aprendizajes en torno al idioma y la cultura franc\u00f3fona.<br>\u00a0<br>S\u00e9bastien Portelli, representante de la Embajada de Francia, resalt\u00f3 el compromiso de las comunidades educativas y el nivel alcanzado durante el proceso.<br>\u00a0<br>\u201cCelebramos el cierre de la primera fase de L\u2019\u00c9cole de BAQ, un proyecto desarrollado con la Secretar\u00eda Distrital de Educaci\u00f3n y la Alianza Francesa. Las presentaciones de los estudiantes nos permitieron conocer el trabajo realizado en los colegios y comprobar el entusiasmo de los ni\u00f1os y j\u00f3venes por el pluriling\u00fcismo y por el aprendizaje del franc\u00e9s\u201d, se\u00f1al\u00f3 Portelli.<br>\u00a0<br>Por su parte, Nidia Moreno, docente de la IED Alexander Von Humboldt, destac\u00f3 la respuesta positiva que ha tenido la iniciativa.<br>\u00a0<br>\u201cDesde el inicio del proyecto hemos encontrado una gran receptividad por parte de los estudiantes, las familias y los equipos directivos. La articulaci\u00f3n entre la Administraci\u00f3n distrital, la Embajada de Francia y la Alianza Francesa ha fortalecido nuestro proceso y nos ha motivado a avanzar hacia certificaciones internacionales\u201d, afirm\u00f3 la docente.<br>\u00a0<br><strong>L\u2019\u00c9cole de BAQ contin\u00faa<\/strong><br>\u00a0<br>Durante los pr\u00f3ximos seis meses, el proyecto avanzar\u00e1 en el acompa\u00f1amiento a las instituciones focalizadas y en la ampliaci\u00f3n progresiva de su cobertura a nuevos colegios oficiales.<br>\u00a0<br>Asimismo, continuar\u00e1 el proceso para que las instituciones participantes puedan optar por el Sello Colegio Franc\u00f3fono, reconocimiento internacional que acredita la calidad de la ense\u00f1anza del franc\u00e9s y la incorporaci\u00f3n de la cultura franc\u00f3fona en los procesos educativos.<br><br>La iniciativa se articula con el Plan Decenal de Educaci\u00f3n 2018-2028 y con el Plan de Desarrollo Distrital \u2018Barranquilla a otro nivel\u2019, promoviendo el pluriling\u00fcismo como una herramienta para el desarrollo cultural, acad\u00e9mico, social y econ\u00f3mico.<br>\u00a0<br>L\u2019\u00c9cole de BAQ se suma a la apuesta de Barranquilla por fortalecer el biling\u00fcismo y el pluriling\u00fcismo en las instituciones educativas oficiales. Con la incorporaci\u00f3n del franc\u00e9s, el Distrito ampl\u00eda las oportunidades de aprendizaje, promueve el intercambio cultural y consolida una educaci\u00f3n p\u00fablica moderna.<\/p>\n","protected":false},"excerpt":{"rendered":"<p>La Alcald\u00eda de Barranquilla, a trav\u00e9s de la Secretar\u00eda Distrital de Educaci\u00f3n, celebr\u00f3 el cierre de la primera etapa de\u00a0L\u2019\u00c9cole de BAQ: Ton passeport pour le monde francophone\u00a0(La Escuela de BAQ: tu pasaporte al mundo franc\u00f3fono), una iniciativa que promueve el pluriling\u00fcismo y ampl\u00eda las oportunidades acad\u00e9micas de los estudiantes de los colegios oficiales de&#8230;<\/p>\n","protected":false},"author":2,"featured_media":5639,"comment_status":"closed","ping_status":"","sticky":false,"template":"","format":"standard","meta":{"rs_blank_template":"","rs_page_bg_color":"","slide_template_v7":"","_kad_post_transparent":"","_kad_post_title":"","_kad_post_layout":"","_kad_post_sidebar_id":"","_kad_post_content_style":"","_kad_post_vertical_padding":"","_kad_post_feature":"","_kad_post_feature_position":"","_kad_post_header":false,"_kad_post_footer":false,"_kad_post_classname":"","footnotes":""},"categories":[54],"tags":[],"class_list":["post-5638","post","type-post","status-publish","format-standard","has-post-thumbnail","hentry","category-barranquilla"],"_links":{"self":[{"href":"https:\/\/universoradio.co\/index.php?rest_route=\/wp\/v2\/posts\/5638","targetHints":{"allow":["GET"]}}],"collection":[{"href":"https:\/\/universoradio.co\/index.php?rest_route=\/wp\/v2\/posts"}],"about":[{"href":"https:\/\/universoradio.co\/index.php?rest_route=\/wp\/v2\/types\/post"}],"author":[{"embeddable":true,"href":"https:\/\/universoradio.co\/index.php?rest_route=\/wp\/v2\/users\/2"}],"replies":[{"embeddable":true,"href":"https:\/\/universoradio.co\/index.php?rest_route=%2Fwp%2Fv2%2Fcomments&post=5638"}],"version-history":[{"count":1,"href":"https:\/\/universoradio.co\/index.php?rest_route=\/wp\/v2\/posts\/5638\/revisions"}],"predecessor-version":[{"id":5640,"href":"https:\/\/universoradio.co\/index.php?rest_route=\/wp\/v2\/posts\/5638\/revisions\/5640"}],"wp:featuredmedia":[{"embeddable":true,"href":"https:\/\/universoradio.co\/index.php?rest_route=\/wp\/v2\/media\/5639"}],"wp:attachment":[{"href":"https:\/\/universoradio.co\/index.php?rest_route=%2Fwp%2Fv2%2Fmedia&parent=5638"}],"wp:term":[{"taxonomy":"category","embeddable":true,"href":"https:\/\/universoradio.co\/index.php?rest_route=%2Fwp%2Fv2%2Fcategories&post=5638"},{"taxonomy":"post_tag","embeddable":true,"href":"https:\/\/universoradio.co\/index.php?rest_route=%2Fwp%2Fv2%2Ftags&post=5638"}],"curies":[{"name":"wp","href":"https:\/\/api.w.org\/{rel}","templated":true}]}}