{"id":5641,"date":"2026-08-06T08:56:00","date_gmt":"2026-08-06T13:56:00","guid":{"rendered":"https:\/\/universoradio.co\/?p=5641"},"modified":"2026-08-05T17:58:23","modified_gmt":"2026-08-05T22:58:23","slug":"gobernacion-del-atlantico-inicia-la-segunda-fase-de-caracterizacion-del-adn-cultural","status":"publish","type":"post","link":"https:\/\/universoradio.co\/?p=5641","title":{"rendered":"Gobernaci\u00f3n del Atl\u00e1ntico inicia la segunda fase de caracterizaci\u00f3n del ADN Cultural"},"content":{"rendered":"\n<p class=\"wp-block-paragraph\"><strong>Las mesas de autorreconocimiento comenzar\u00e1n el pr\u00f3ximo 6 de agosto en el Museo del Atl\u00e1ntico y se desarrollar\u00e1n por sectores art\u00edsticos, para consolidar el diagn\u00f3stico que orientar\u00e1 las pol\u00edticas p\u00fablicas del departamento.<\/strong><\/p>\n\n\n\n<p class=\"has-drop-cap wp-block-paragraph\">La Gobernaci\u00f3n del Atl\u00e1ntico, a trav\u00e9s de la Secretar\u00eda de Cultura y Patrimonio, iniciar\u00e1 este jueves 6 de agosto la segunda fase del proceso de caracterizaci\u00f3n del ADN Cultural, una estrategia que busca consolidar un diagn\u00f3stico actualizado del sector mediante la participaci\u00f3n activa de sus artistas, gestores y creadores.<\/p>\n\n\n\n<p class=\"wp-block-paragraph\">Tras finalizar la primera etapa \u2014correspondiente a la inscripci\u00f3n de gestores en la plataforma oficial\u2014, se dar\u00e1n inicio a las mesas de autorreconocimiento. Estos espacios de di\u00e1logo permitir\u00e1n que cada sector aporte informaci\u00f3n clave sobre su identidad, din\u00e1micas, fortalezas, necesidades y proyecciones.<\/p>\n\n\n\n<p class=\"wp-block-paragraph\">La secretaria de Cultura y Patrimonio del Atl\u00e1ntico, Ver\u00f3nica Cantillo, invit\u00f3 a la comunidad art\u00edstica a sumarse activamente a esta convocatoria.<\/p>\n\n\n\n<p class=\"wp-block-paragraph\">\u201cDurante la primera etapa logramos el registro de nuestros gestores en la plataforma. Ahora daremos paso a las mesas de autorreconocimiento por sector. Invitamos a todos los actores culturales del departamento a estar atentos a nuestras redes sociales y a los medios de comunicaci\u00f3n, donde publicaremos las fechas de cada encuentro en el Museo del Atl\u00e1ntico. All\u00ed nos reuniremos para consolidar este importante proceso\u201d, expres\u00f3 la funcionaria.<\/p>\n\n\n\n<p class=\"wp-block-paragraph\">Las jornadas se llevar\u00e1n a cabo en el Museo del Atl\u00e1ntico (carrera 39 #35-21), organizadas por sectores art\u00edsticos y bajo el siguiente cronograma:<\/p>\n\n\n\n<p class=\"wp-block-paragraph\">CRONOGRAMA<\/p>\n\n\n\n<p class=\"wp-block-paragraph\">Teatro y Circo (Jueves, 6 de agosto)<\/p>\n\n\n\n<p class=\"wp-block-paragraph\">9:00 a. m.: Baranoa, Candelaria, Juan de Acosta, Luruaco, Palmar de Varela, Polonuevo, Ponedera, Repel\u00f3n, Sabanagrande, Sabanalarga, Santo Tom\u00e1s, Suan y Usiacur\u00ed.<br>2:00 p. m.: Barranquilla, Galapa, Malambo, Puerto Colombia y Soledad.<\/p>\n\n\n\n<p class=\"wp-block-paragraph\">Cine, Medios Audiovisuales y Literatura (Lunes, 10 de agosto)<\/p>\n\n\n\n<p class=\"wp-block-paragraph\">9:00 a. m. (Cine y Audiovisuales): Realizadores, productores, guionistas, directores, actores, t\u00e9cnicos y creadores de contenido.<br>2:00 p. m. (Literatura): Escritores, poetas, promotores de lectura, editores, bibliotecarios y agentes de la cadena del libro.<\/p>\n\n\n\n<p class=\"wp-block-paragraph\">Artes Pl\u00e1sticas (Martes, 11 de agosto):<br>9:00 a. m.: Baranoa, Candelaria, Juan de Acosta, Luruaco, Palmar de Varela, Polonuevo, Ponedera, Repel\u00f3n, Sabanagrande, Sabanalarga, Santo Tom\u00e1s, Suan y Usiacur\u00ed.<br>2:00 p. m.: Barranquilla, Galapa, Malambo, Puerto Colombia y Soledad.<\/p>\n\n\n\n<p class=\"wp-block-paragraph\">M\u00fasica (Mi\u00e9rcoles 12 y Jueves 13 de agosto)<\/p>\n\n\n\n<p class=\"wp-block-paragraph\">Mi\u00e9rcoles 12:<br>9:00 a. m.: Campo de la Cruz, Candelaria, Juan de Acosta, Luruaco, Manat\u00ed, Pioj\u00f3, Ponedera, Repel\u00f3n, Sabanalarga, Santa Luc\u00eda, Suan, Tubar\u00e1 y Usiacur\u00ed.<br>2:00 p. m.: Baranoa, Palmar de Varela, Polonuevo, Sabanagrande y Santo Tom\u00e1s.<\/p>\n\n\n\n<p class=\"wp-block-paragraph\">Jueves 13:<br>9:00 a. m.: Galapa, Malambo y Puerto Colombia.<br>2:00 p. m.: Barranquilla y Soledad.<\/p>\n\n\n\n<p class=\"wp-block-paragraph\">Danza (Viernes 14 y Martes 18 de agosto)<\/p>\n\n\n\n<p class=\"wp-block-paragraph\">Viernes 14:<br>9:00 a. m.: Campo de la Cruz, Candelaria, Luruaco, Manat\u00ed, Ponedera, Repel\u00f3n, Sabanalarga, Santa Luc\u00eda y Suan.<br>2:00 p. m.: Baranoa, Juan de Acosta, Palmar de Varela, Pioj\u00f3, Polonuevo, Sabanagrande, Santo Tom\u00e1s, Tubar\u00e1 y Usiacur\u00ed.<\/p>\n\n\n\n<p class=\"wp-block-paragraph\">Martes 18:<br>9:00 a. m.: Barranquilla, Galapa y Puerto Colombia.<br>2:00 p. m.: Malambo y Soledad.<\/p>\n\n\n\n<p class=\"wp-block-paragraph\">PARTICIPACI\u00d3N POR DELEGACI\u00d3N<\/p>\n\n\n\n<p class=\"wp-block-paragraph\">La Secretar\u00eda de Cultura y Patrimonio record\u00f3 que los gestores inscritos que, por fuerza mayor, no puedan asistir, podr\u00e1n designar un delegado.<\/p>\n\n\n\n<p class=\"wp-block-paragraph\">Para ello, deber\u00e1n enviar con anterioridad un correo a cultura@atlantico.gov.co indicando los datos del gestor titular (nombre y documento) y los del apoderado. El delegado deber\u00e1 presentarse en la mesa con el correo impreso y copia de su documento de identidad.<\/p>\n\n\n\n<p class=\"wp-block-paragraph\">Con esta estrategia, la Gobernaci\u00f3n del Atl\u00e1ntico reafirma su compromiso con la construcci\u00f3n participativa de pol\u00edticas p\u00fablicas que reconozcan la diversidad y el talento de la regi\u00f3n.<\/p>\n","protected":false},"excerpt":{"rendered":"<p>Las mesas de autorreconocimiento comenzar\u00e1n el pr\u00f3ximo 6 de agosto en el Museo del Atl\u00e1ntico y se desarrollar\u00e1n por sectores art\u00edsticos, para consolidar el diagn\u00f3stico que orientar\u00e1 las pol\u00edticas p\u00fablicas del departamento. La Gobernaci\u00f3n del Atl\u00e1ntico, a trav\u00e9s de la Secretar\u00eda de Cultura y Patrimonio, iniciar\u00e1 este jueves 6 de agosto la segunda fase del&#8230;<\/p>\n","protected":false},"author":2,"featured_media":5642,"comment_status":"closed","ping_status":"","sticky":false,"template":"","format":"standard","meta":{"rs_blank_template":"","rs_page_bg_color":"","slide_template_v7":"","_kad_post_transparent":"","_kad_post_title":"","_kad_post_layout":"","_kad_post_sidebar_id":"","_kad_post_content_style":"","_kad_post_vertical_padding":"","_kad_post_feature":"","_kad_post_feature_position":"","_kad_post_header":false,"_kad_post_footer":false,"_kad_post_classname":"","footnotes":""},"categories":[50],"tags":[],"class_list":["post-5641","post","type-post","status-publish","format-standard","has-post-thumbnail","hentry","category-generales"],"_links":{"self":[{"href":"https:\/\/universoradio.co\/index.php?rest_route=\/wp\/v2\/posts\/5641","targetHints":{"allow":["GET"]}}],"collection":[{"href":"https:\/\/universoradio.co\/index.php?rest_route=\/wp\/v2\/posts"}],"about":[{"href":"https:\/\/universoradio.co\/index.php?rest_route=\/wp\/v2\/types\/post"}],"author":[{"embeddable":true,"href":"https:\/\/universoradio.co\/index.php?rest_route=\/wp\/v2\/users\/2"}],"replies":[{"embeddable":true,"href":"https:\/\/universoradio.co\/index.php?rest_route=%2Fwp%2Fv2%2Fcomments&post=5641"}],"version-history":[{"count":1,"href":"https:\/\/universoradio.co\/index.php?rest_route=\/wp\/v2\/posts\/5641\/revisions"}],"predecessor-version":[{"id":5643,"href":"https:\/\/universoradio.co\/index.php?rest_route=\/wp\/v2\/posts\/5641\/revisions\/5643"}],"wp:featuredmedia":[{"embeddable":true,"href":"https:\/\/universoradio.co\/index.php?rest_route=\/wp\/v2\/media\/5642"}],"wp:attachment":[{"href":"https:\/\/universoradio.co\/index.php?rest_route=%2Fwp%2Fv2%2Fmedia&parent=5641"}],"wp:term":[{"taxonomy":"category","embeddable":true,"href":"https:\/\/universoradio.co\/index.php?rest_route=%2Fwp%2Fv2%2Fcategories&post=5641"},{"taxonomy":"post_tag","embeddable":true,"href":"https:\/\/universoradio.co\/index.php?rest_route=%2Fwp%2Fv2%2Ftags&post=5641"}],"curies":[{"name":"wp","href":"https:\/\/api.w.org\/{rel}","templated":true}]}}