{"id":5644,"date":"2026-08-06T09:59:00","date_gmt":"2026-08-06T14:59:00","guid":{"rendered":"https:\/\/universoradio.co\/?p=5644"},"modified":"2026-08-05T18:01:26","modified_gmt":"2026-08-05T23:01:26","slug":"gobernacion-entrega-ayudas-a-552-familias-afectadas-por-vendaval-y-avanza-con-la-reconstruccion-de-19-viviendas","status":"publish","type":"post","link":"https:\/\/universoradio.co\/?p=5644","title":{"rendered":"Gobernaci\u00f3n entrega ayudas a 552 familias afectadas por vendaval y avanza con la reconstrucci\u00f3n de 19 viviendas"},"content":{"rendered":"\n<p class=\"wp-block-paragraph\"><strong>El gobernador del Atl\u00e1ntico, Eduardo Verano, recorri\u00f3 el barrio San Mart\u00edn, uno de los m\u00e1s afectados por el fen\u00f3meno natural, y anunci\u00f3 la entrega de 1.000 l\u00e1minas adicionales para este mi\u00e9rcoles.<\/strong><\/p>\n\n\n\n<p class=\"has-drop-cap wp-block-paragraph\">El gobernador del Atl\u00e1ntico, Eduardo Verano, recorri\u00f3 los barrios San Mart\u00edn y El Bolsillo de Juan de Acosta para verificar las afectaciones dejadas por el vendaval que golpe\u00f3 al municipio, en el marco de la jornada de entrega de ayudas humanitarias que adelanta la Gobernaci\u00f3n junto con la Alcald\u00eda municipal.<\/p>\n\n\n\n<p class=\"wp-block-paragraph\">\u201cEstamos recibiendo de viva voz el informe de afectaciones, especialmente de nuestra Subsecretar\u00eda de Prevenci\u00f3n de Desastres y de la misma Alcald\u00eda. Evidentemente hay unas casas con p\u00e9rdida total y otras con algunas afectaciones que, aunque no son totales, de todas maneras requieren atenci\u00f3n. Vamos a atenderlos uno por uno hasta dejar normalizada la situaci\u00f3n en Juan de Acosta\u201d, afirm\u00f3 el mandatario durante su recorrido.<\/p>\n\n\n\n<p class=\"wp-block-paragraph\">Seg\u00fan el subsecretario de Prevenci\u00f3n y Atenci\u00f3n de Desastres, Nelson Oquendo, el censo preliminar reporta 472 viviendas afectadas en Juan de Acosta y 80 en el municipio de Usiacur\u00ed, tambi\u00e9n afectadas por el fen\u00f3meno.<\/p>\n\n\n\n<p class=\"wp-block-paragraph\">La Gobernaci\u00f3n dispuso la entrega de l\u00e1minas de fibrocemento, zinc y Texolit, adem\u00e1s de listones, caballetes y amarres. Solo el martes se entregaron en Juan de Acosta 300 l\u00e1minas, 150 caballetes y 500 amarres, y para este mi\u00e9rcoles se proyecta la entrega de 1.000 l\u00e1minas adicionales en ese municipio y 200 l\u00e1minas de asbesto, junto con listones, amarres y caballetes, en Usiacur\u00ed.<\/p>\n\n\n\n<p class=\"wp-block-paragraph\">Oquendo precis\u00f3 que 15 viviendas en Juan de Acosta y 4 en Usiacur\u00ed presentan afectaciones de mayor magnitud, que contemplan su reconstrucci\u00f3n total, debido a que ya ten\u00edan fallas estructurales previas que se agravaron con el vendaval.<\/p>\n\n\n\n<p class=\"wp-block-paragraph\">\u201cLa idea es darle respuesta y atenci\u00f3n a cada una de las familias damnificadas, y esa ha sido la directriz del gobernador Eduardo Verano. En eso nos encontramos la Subsecretar\u00eda de Prevenci\u00f3n y Atenci\u00f3n de Desastres, la Subsecretar\u00eda de Vivienda y la Secretar\u00eda General\u201d, indic\u00f3 el subsecretario.<\/p>\n\n\n\n<p class=\"wp-block-paragraph\">En el barrio San Mart\u00edn, habitantes como Kelly de la Torre relataron los momentos de la emergencia y agradeci\u00f3 la respuesta institucional.<\/p>\n\n\n\n<p class=\"wp-block-paragraph\">\u201cSe volaron la mayor\u00eda de las l\u00e1minas y se inund\u00f3 la casa. Fue un momento de p\u00e1nico; salimos a meter las motos que estaban afuera mientras ve\u00edamos las l\u00e1minas volar de un lado a otro y tuvimos que refugiarnos adentro. Queremos agradecerle al gobernador del Atl\u00e1ntico por la ayuda que nos ha tra\u00eddo, y por atender tan r\u00e1pido al llamado de esta emergencia \u201c, cont\u00f3.<\/p>\n\n\n\n<p class=\"wp-block-paragraph\">Mario Coll, otro habitante afectado, relat\u00f3 que el vendaval destruy\u00f3 gran parte de su vivienda, incluyendo enseres y elementos personales de su familia. Su mensaje a la comunidad fue de calma.<\/p>\n\n\n\n<p class=\"wp-block-paragraph\">\u201cQue mantengan la calma, que las ayudas est\u00e1n llegando poco a poco, que esto no es f\u00e1cil, pero hay que salir adelante\u201d.<\/p>\n\n\n\n<p class=\"wp-block-paragraph\">El alcalde de Juan de Acosta, Carlos Higgins, pidi\u00f3 paciencia a la comunidad mientras contin\u00faa la entrega de ayudas.<\/p>\n\n\n\n<p class=\"wp-block-paragraph\">\u201cSabemos que este fen\u00f3meno fue algo bastante traum\u00e1tico y que las afectaciones fueron considerables. La Alcald\u00eda municipal, junto con la Gobernaci\u00f3n, estamos articulando todos los esfuerzos para que las ayudas se sigan materializando lo m\u00e1s pronto posible. Ya comenzamos a entregar y seguiremos hoy, ma\u00f1ana y todos estos d\u00edas\u201d, afirm\u00f3 el alcalde.<\/p>\n","protected":false},"excerpt":{"rendered":"<p>El gobernador del Atl\u00e1ntico, Eduardo Verano, recorri\u00f3 el barrio San Mart\u00edn, uno de los m\u00e1s afectados por el fen\u00f3meno natural, y anunci\u00f3 la entrega de 1.000 l\u00e1minas adicionales para este mi\u00e9rcoles. El gobernador del Atl\u00e1ntico, Eduardo Verano, recorri\u00f3 los barrios San Mart\u00edn y El Bolsillo de Juan de Acosta para verificar las afectaciones dejadas por&#8230;<\/p>\n","protected":false},"author":2,"featured_media":5645,"comment_status":"closed","ping_status":"","sticky":false,"template":"","format":"standard","meta":{"rs_blank_template":"","rs_page_bg_color":"","slide_template_v7":"","_kad_post_transparent":"","_kad_post_title":"","_kad_post_layout":"","_kad_post_sidebar_id":"","_kad_post_content_style":"","_kad_post_vertical_padding":"","_kad_post_feature":"","_kad_post_feature_position":"","_kad_post_header":false,"_kad_post_footer":false,"_kad_post_classname":"","footnotes":""},"categories":[50],"tags":[],"class_list":["post-5644","post","type-post","status-publish","format-standard","has-post-thumbnail","hentry","category-generales"],"_links":{"self":[{"href":"https:\/\/universoradio.co\/index.php?rest_route=\/wp\/v2\/posts\/5644","targetHints":{"allow":["GET"]}}],"collection":[{"href":"https:\/\/universoradio.co\/index.php?rest_route=\/wp\/v2\/posts"}],"about":[{"href":"https:\/\/universoradio.co\/index.php?rest_route=\/wp\/v2\/types\/post"}],"author":[{"embeddable":true,"href":"https:\/\/universoradio.co\/index.php?rest_route=\/wp\/v2\/users\/2"}],"replies":[{"embeddable":true,"href":"https:\/\/universoradio.co\/index.php?rest_route=%2Fwp%2Fv2%2Fcomments&post=5644"}],"version-history":[{"count":1,"href":"https:\/\/universoradio.co\/index.php?rest_route=\/wp\/v2\/posts\/5644\/revisions"}],"predecessor-version":[{"id":5646,"href":"https:\/\/universoradio.co\/index.php?rest_route=\/wp\/v2\/posts\/5644\/revisions\/5646"}],"wp:featuredmedia":[{"embeddable":true,"href":"https:\/\/universoradio.co\/index.php?rest_route=\/wp\/v2\/media\/5645"}],"wp:attachment":[{"href":"https:\/\/universoradio.co\/index.php?rest_route=%2Fwp%2Fv2%2Fmedia&parent=5644"}],"wp:term":[{"taxonomy":"category","embeddable":true,"href":"https:\/\/universoradio.co\/index.php?rest_route=%2Fwp%2Fv2%2Fcategories&post=5644"},{"taxonomy":"post_tag","embeddable":true,"href":"https:\/\/universoradio.co\/index.php?rest_route=%2Fwp%2Fv2%2Ftags&post=5644"}],"curies":[{"name":"wp","href":"https:\/\/api.w.org\/{rel}","templated":true}]}}