{"id":5653,"date":"2026-08-05T18:14:31","date_gmt":"2026-08-05T23:14:31","guid":{"rendered":"https:\/\/universoradio.co\/?p=5653"},"modified":"2026-08-05T18:14:31","modified_gmt":"2026-08-05T23:14:31","slug":"las-butifarras-soledenas-dan-un-paso-hacia-nuevos-mercados-con-su-registro-sanitario","status":"publish","type":"post","link":"https:\/\/universoradio.co\/?p=5653","title":{"rendered":"Las butifarras solede\u00f1as dan un paso hacia nuevos mercados con su registro sanitario"},"content":{"rendered":"\n<p class=\"has-drop-cap wp-block-paragraph\">La Alcald\u00eda de Soledad destaca el logro de los emprendimientos La Solede\u00f1a y Nando Rojas, quienes obtuvieron el registro sanitario para sus productos, un paso fundamental que fortalece la calidad, la confianza y la competitividad de sus marcas.<\/p>\n\n\n\n<p class=\"wp-block-paragraph\">Este reconocimiento es el resultado del esfuerzo, la dedicaci\u00f3n y el compromiso de ambos emprendedores por ofrecer productos seguros y con altos est\u00e1ndares, abriendo nuevas oportunidades para su crecimiento y posicionamiento en el mercado.<\/p>\n\n\n\n<p class=\"wp-block-paragraph\">La Administraci\u00f3n Municipal felicita a La Solede\u00f1a y Nando Rojas por este importante avance, que refleja el talento y la capacidad emprendedora de los solede\u00f1os, reafirmando su compromiso de seguir apoyando el desarrollo econ\u00f3mico y empresarial del municipio.<\/p>\n\n\n\n<p class=\"wp-block-paragraph\">Porque cuando un emprendedor solede\u00f1o crece, crece todo el municipio. Seguiremos impulsando iniciativas que transforman ideas en oportunidades, generan empleo y demuestran que en Soledad el talento s\u00ed tiene futuro.<\/p>\n","protected":false},"excerpt":{"rendered":"<p>La Alcald\u00eda de Soledad destaca el logro de los emprendimientos La Solede\u00f1a y Nando Rojas, quienes obtuvieron el registro sanitario para sus productos, un paso fundamental que fortalece la calidad, la confianza y la competitividad de sus marcas. Este reconocimiento es el resultado del esfuerzo, la dedicaci\u00f3n y el compromiso de ambos emprendedores por ofrecer&#8230;<\/p>\n","protected":false},"author":2,"featured_media":5654,"comment_status":"closed","ping_status":"","sticky":false,"template":"","format":"standard","meta":{"rs_blank_template":"","rs_page_bg_color":"","slide_template_v7":"","_kad_post_transparent":"","_kad_post_title":"","_kad_post_layout":"","_kad_post_sidebar_id":"","_kad_post_content_style":"","_kad_post_vertical_padding":"","_kad_post_feature":"","_kad_post_feature_position":"","_kad_post_header":false,"_kad_post_footer":false,"_kad_post_classname":"","footnotes":""},"categories":[50],"tags":[],"class_list":["post-5653","post","type-post","status-publish","format-standard","has-post-thumbnail","hentry","category-generales"],"_links":{"self":[{"href":"https:\/\/universoradio.co\/index.php?rest_route=\/wp\/v2\/posts\/5653","targetHints":{"allow":["GET"]}}],"collection":[{"href":"https:\/\/universoradio.co\/index.php?rest_route=\/wp\/v2\/posts"}],"about":[{"href":"https:\/\/universoradio.co\/index.php?rest_route=\/wp\/v2\/types\/post"}],"author":[{"embeddable":true,"href":"https:\/\/universoradio.co\/index.php?rest_route=\/wp\/v2\/users\/2"}],"replies":[{"embeddable":true,"href":"https:\/\/universoradio.co\/index.php?rest_route=%2Fwp%2Fv2%2Fcomments&post=5653"}],"version-history":[{"count":1,"href":"https:\/\/universoradio.co\/index.php?rest_route=\/wp\/v2\/posts\/5653\/revisions"}],"predecessor-version":[{"id":5655,"href":"https:\/\/universoradio.co\/index.php?rest_route=\/wp\/v2\/posts\/5653\/revisions\/5655"}],"wp:featuredmedia":[{"embeddable":true,"href":"https:\/\/universoradio.co\/index.php?rest_route=\/wp\/v2\/media\/5654"}],"wp:attachment":[{"href":"https:\/\/universoradio.co\/index.php?rest_route=%2Fwp%2Fv2%2Fmedia&parent=5653"}],"wp:term":[{"taxonomy":"category","embeddable":true,"href":"https:\/\/universoradio.co\/index.php?rest_route=%2Fwp%2Fv2%2Fcategories&post=5653"},{"taxonomy":"post_tag","embeddable":true,"href":"https:\/\/universoradio.co\/index.php?rest_route=%2Fwp%2Fv2%2Ftags&post=5653"}],"curies":[{"name":"wp","href":"https:\/\/api.w.org\/{rel}","templated":true}]}}