{"id":5656,"date":"2026-08-05T18:21:27","date_gmt":"2026-08-05T23:21:27","guid":{"rendered":"https:\/\/universoradio.co\/?p=5656"},"modified":"2026-08-05T18:21:27","modified_gmt":"2026-08-05T23:21:27","slug":"los-vientos-de-barranquilla-muy-pronto-se-convertiran-en-energia-limpia-alcalde-char","status":"publish","type":"post","link":"https:\/\/universoradio.co\/?p=5656","title":{"rendered":"Los vientos de Barranquilla muy pronto se convertir\u00e1n en energ\u00eda limpia: alcalde Char\u00a0"},"content":{"rendered":"\n<p class=\"wp-block-paragraph\"><strong>Este nuevo hito refleja la evoluci\u00f3n lograda de la alianza entre el Distrito y CIP. Adem\u00e1s, reconoce la cooperaci\u00f3n entre Colombia y el Reino de Dinamarca en esta materia y alista el siguiente paso para poner en funci\u00f3n el primer proyecto frente a Barranquilla.<\/strong><\/p>\n\n\n\n<p class=\"has-drop-cap wp-block-paragraph\">Barranquilla consolida su liderazgo en su apuesta por la generaci\u00f3n de energ\u00edas renovables, esta vez con el desarrollo de Vientos de Barranquilla, un proyecto de energ\u00eda e\u00f3lica costa afuera que aprovechar\u00e1 el potencial del Caribe colombiano para generar energ\u00eda limpia y sostenible.<br>\u00a0<br>As\u00ed lo ratific\u00f3 el alcalde Alejandro Char, quien firm\u00f3 una declaraci\u00f3n conjunta con Copenhagen Infrastructure Partners, que reafirma los avances que se han alcanzado en la primera fase de este proyecto y acerca cada vez m\u00e1s a Barranquilla para poner en funci\u00f3n el primer proyecto e\u00f3lico costa afuera del pa\u00eds.<br>\u00a0<br>A trav\u00e9s de su cuenta de X, el mandatario distrital expres\u00f3 que: \u201cLos vientos de Barranquilla muy pronto se convertir\u00e1n en energ\u00eda limpia. Nos preparamos para poner en marcha el primer proyecto e\u00f3lico costa afuera de Colombia, frente a nuestra ciudad. Hoy firmamos una declaraci\u00f3n conjunta con Copenhagen Infrastructure Partners (CIP), respaldada por el Gobierno de Dinamarca, para fortalecer el proyecto Vientos de Barranquilla, que busca aprovechar la fuerza de los vientos frente a nuestras costas para producir energ\u00eda limpia. Agradecemos al embajador del Reino de Dinamarca, @DKAmbColombia, a Kristine Matre Thorsen, de la Embajada de Dinamarca en Colombia, y a nuestros aliados de CIP, Max Correa y William Faulconer, por creer en el potencial de Barranquilla. Seguimos trabajando para que este gran sue\u00f1o avance y nuestra ciudad contin\u00fae consolid\u00e1ndose como un referente de la transici\u00f3n energ\u00e9tica del pa\u00eds\u201d. (<a href=\"https:\/\/x.com\/alejandrochar\/status\/2084986950457397310?s=46&t=FyacBC6YeIuhhKcphpBXWQ\" target=\"_blank\" rel=\"noreferrer noopener\">Ver publicaci\u00f3n<\/a>).<br>\u00a0<br>En detalle, el alcalde Char sostuvo un encuentro con la delegaci\u00f3n encabezada por Jens Godtfredsen, embajador del Reino de Dinamarca; Kristine Matre Thorsen, jefa del \u00e1rea comercial de la Embajada del Reino de Dinamarca en Colombia; Max Correa, director Latam de CIP, y William Faulconer, gerente de permisos\/licencias y asuntos p\u00fablicos de CIP.<br>\u00a0<br>Ante ellos, el mandatario distrital agradeci\u00f3 por creer en Barranquilla como ciudad pionera que encuentra en sus recursos naturales una oportunidad para mejorar la calidad de vida de la regi\u00f3n y el pa\u00eds.<br>\u00a0<br>\u201cUn pa\u00eds europeo muy tecnol\u00f3gico, muy desarrollado, que pone los ojos en Colombia y especialmente en Barranquilla. Yo dir\u00eda que de las cosas m\u00e1s importantes que pueden ocurrir para Barranquilla, el Caribe y Colombia es la construcci\u00f3n de un parque e\u00f3lico costa afuera. Resulta que el Dios que est\u00e1 all\u00e1 arriba nos ha llenado de sol y brisa. Bueno, estos amigos han dise\u00f1ado un proyecto de muchos aerogeneradores en el oc\u00e9ano frente a Barranquilla\u201d, se\u00f1al\u00f3 Char.<br>\u00a0<br>Al finalizar su intervenci\u00f3n, el alcalde\u00a0reiter\u00f3 su agradecimiento a la delegaci\u00f3n que recorri\u00f3 con \u00e9l y la comunidad las calles del barrio La Esmeralda. \u201cEstoy muy agradecido por la confianza que han tenido en nosotros en explorar esta posibilidad. Cuenten con nosotros, estamos felices de que este sue\u00f1o se convierta en realidad. Estamos felices. Ese es el presente y ese es el futuro\u201d.<br>\u00a0<br>Por su parte, el embajador Godtfredsen destac\u00f3 el compromiso de los barranquilleros con la transformaci\u00f3n de la ciudad: \u201cTodos est\u00e1n tan orgullosos de lo que pasa en Barranquilla. Estamos felices de poder ayudar en sus ambiciones tan importantes por la energ\u00eda limpia y el empleo de calidad, que son dos cosas fenomenales en las que podemos ayudar. Es muy ch\u00e9vere estar en Colombia, es un pa\u00eds fascinante, tan diverso y espero visitar su ciudad muchas veces\u201d.<br>\u00a0<br>Actualmente, Dinamarca es uno de los pa\u00edses l\u00edderes a nivel mundial en energ\u00eda e\u00f3lica costa afuera, y CIP es un fondo de origen dan\u00e9s. En ese sentido, contar con esta delegaci\u00f3n en Barranquilla es resultado del inter\u00e9s del Reino de Dinamarca en acompa\u00f1ar y fortalecer la cooperaci\u00f3n bilateral con Colombia en materia de energ\u00eda y transici\u00f3n energ\u00e9tica.\u00a0<br>\u00a0<br><strong>Alcance del proyecto<\/strong><br>\u00a0<br>Vientos de Barranquilla es un proyecto de energ\u00eda e\u00f3lica marina (<em>offshore<\/em>) que aprovechar\u00e1 la fuerza y constancia de los vientos del Caribe colombiano para producir energ\u00eda limpia y contribuir a la transici\u00f3n energ\u00e9tica del pa\u00eds. En detalle, este proyecto forma parte de la primera ronda de energ\u00eda e\u00f3lica costa afuera de Colombia y se desarrollar\u00e1 en un \u00e1rea mar\u00edtima cercana a la ciudad, cuyas condiciones naturales ofrecen un enorme potencial para la generaci\u00f3n de energ\u00eda renovable.<br>\u00a0<br>Actualmente, Vientos de Barranquilla avanza en su etapa inicial con actividades clave como campa\u00f1as de medici\u00f3n del recurso e\u00f3lico, estudios t\u00e9cnicos y ambientales del \u00e1rea de influencia. Estos procesos permitir\u00e1n desarrollar la iniciativa bajo los m\u00e1s altos est\u00e1ndares de sostenibilidad, eficiencia y responsabilidad.<br>\u00a0<br>Adem\u00e1s de diversificar la matriz energ\u00e9tica nacional y fortalecer la seguridad energ\u00e9tica del pa\u00eds, este proyecto representa una oportunidad para atraer inversi\u00f3n, generar empleo especializado, impulsar el desarrollo de proveedores locales, promover la transferencia de conocimiento y consolidar a Barranquilla como un referente latinoamericano en energ\u00edas renovables.<br>\u00a0<br>La iniciativa de la Alcald\u00eda de Barranquilla, se desarrolla a trav\u00e9s de la empresa K-Yena en alianza con Copenhagen Infrastructure Partners (CIP), una de las compa\u00f1\u00edas m\u00e1s reconocidas del mundo en el desarrollo de infraestructura para energ\u00edas renovables. Esta alianza re\u00fane la experiencia internacional de CIP en proyectos e\u00f3licos marinos con el conocimiento del territorio y el respaldo institucional de Barranquilla, impulsando una de las iniciativas energ\u00e9ticas m\u00e1s ambiciosas del pa\u00eds.<br>\u00a0<br>As\u00ed, la Administraci\u00f3n Distrital reafirma su compromiso con un modelo de desarrollo basado en la sostenibilidad, la innovaci\u00f3n y la competitividad. Vientos de Barranquilla es una apuesta estrat\u00e9gica de largo plazo que permitir\u00e1 aprovechar el enorme potencial del Caribe colombiano para construir una econom\u00eda m\u00e1s resiliente, impulsar la transici\u00f3n energ\u00e9tica y dejar un legado de progreso y bienestar para las futuras generaciones.<br>\u00a0<br><strong>Una apuesta que se ha venido construyendo<\/strong>\u00a0<br>\u00a0<br>La firma de un primer Memorando de Entendimiento y el posterior Acuerdo de Colaboraci\u00f3n, le permitieron al Distrito y CIP, presentarse conjuntamente en la Primera Ronda de Energ\u00eda E\u00f3lica Costa Afuera, dise\u00f1ada por el Ministerio de Minas y Energ\u00eda y DIMAR y administrada por la ANH. Este proceso que se formaliz\u00f3 con la publicaci\u00f3n de los pliegos en 2023, culmin\u00f3 con la adjudicaci\u00f3n de un \u00e1rea mar\u00edtima cercana a Barranquilla para el desarrollo del proyecto.<br>\u00a0<br>Este proyecto de generaci\u00f3n de energ\u00eda e\u00f3lica se suma a otras apuestas que la Administraci\u00f3n distrital ha venido ejecutando para seguir apuntando a la transici\u00f3n energ\u00e9tica. En ese orden, el alcalde Alejandro Char ya puso en funcionamiento la planta biog\u00e1s de Los Pocitos, la comunidad energ\u00e9tica en Las Gardenias, edificaciones p\u00fablicas y avanza la granja solar en el corregimiento Juan Mina, entre otros proyectos, logrando posicionar la ciudad como una capital comprometida con la generaci\u00f3n de energ\u00edas limpias en favor del medioambiente.<\/p>\n","protected":false},"excerpt":{"rendered":"<p>Este nuevo hito refleja la evoluci\u00f3n lograda de la alianza entre el Distrito y CIP. Adem\u00e1s, reconoce la cooperaci\u00f3n entre Colombia y el Reino de Dinamarca en esta materia y alista el siguiente paso para poner en funci\u00f3n el primer proyecto frente a Barranquilla. Barranquilla consolida su liderazgo en su apuesta por la generaci\u00f3n de&#8230;<\/p>\n","protected":false},"author":2,"featured_media":5657,"comment_status":"closed","ping_status":"","sticky":false,"template":"","format":"standard","meta":{"rs_blank_template":"","rs_page_bg_color":"","slide_template_v7":"","_kad_post_transparent":"","_kad_post_title":"","_kad_post_layout":"","_kad_post_sidebar_id":"","_kad_post_content_style":"","_kad_post_vertical_padding":"","_kad_post_feature":"","_kad_post_feature_position":"","_kad_post_header":false,"_kad_post_footer":false,"_kad_post_classname":"","footnotes":""},"categories":[54],"tags":[],"class_list":["post-5656","post","type-post","status-publish","format-standard","has-post-thumbnail","hentry","category-barranquilla"],"_links":{"self":[{"href":"https:\/\/universoradio.co\/index.php?rest_route=\/wp\/v2\/posts\/5656","targetHints":{"allow":["GET"]}}],"collection":[{"href":"https:\/\/universoradio.co\/index.php?rest_route=\/wp\/v2\/posts"}],"about":[{"href":"https:\/\/universoradio.co\/index.php?rest_route=\/wp\/v2\/types\/post"}],"author":[{"embeddable":true,"href":"https:\/\/universoradio.co\/index.php?rest_route=\/wp\/v2\/users\/2"}],"replies":[{"embeddable":true,"href":"https:\/\/universoradio.co\/index.php?rest_route=%2Fwp%2Fv2%2Fcomments&post=5656"}],"version-history":[{"count":1,"href":"https:\/\/universoradio.co\/index.php?rest_route=\/wp\/v2\/posts\/5656\/revisions"}],"predecessor-version":[{"id":5658,"href":"https:\/\/universoradio.co\/index.php?rest_route=\/wp\/v2\/posts\/5656\/revisions\/5658"}],"wp:featuredmedia":[{"embeddable":true,"href":"https:\/\/universoradio.co\/index.php?rest_route=\/wp\/v2\/media\/5657"}],"wp:attachment":[{"href":"https:\/\/universoradio.co\/index.php?rest_route=%2Fwp%2Fv2%2Fmedia&parent=5656"}],"wp:term":[{"taxonomy":"category","embeddable":true,"href":"https:\/\/universoradio.co\/index.php?rest_route=%2Fwp%2Fv2%2Fcategories&post=5656"},{"taxonomy":"post_tag","embeddable":true,"href":"https:\/\/universoradio.co\/index.php?rest_route=%2Fwp%2Fv2%2Ftags&post=5656"}],"curies":[{"name":"wp","href":"https:\/\/api.w.org\/{rel}","templated":true}]}}