{"id":5659,"date":"2026-08-07T06:22:00","date_gmt":"2026-08-07T11:22:00","guid":{"rendered":"https:\/\/universoradio.co\/?p=5659"},"modified":"2026-08-05T18:24:54","modified_gmt":"2026-08-05T23:24:54","slug":"capturan-a-tres-personas-por-el-presunto-delito-de-trafico-fabricacion-o-porte-de-estupefacientes-en-vias-del-atlantico","status":"publish","type":"post","link":"https:\/\/universoradio.co\/?p=5659","title":{"rendered":"Capturan a tres personas por el presunto delito de tr\u00e1fico, fabricaci\u00f3n o porte de estupefacientes en v\u00edas del Atl\u00e1ntico."},"content":{"rendered":"\n<p class=\"wp-block-paragraph\"><strong>Durante el procedimiento fueron incautados 1.146,3 gramos de clorhidrato de coca\u00edna, avaluados en aproximadamente $8.024.100.<\/strong><\/p>\n\n\n\n<p class=\"has-drop-cap wp-block-paragraph\">En desarrollo de las acciones operativas para contrarrestar el tr\u00e1fico de estupefacientes en las v\u00edas del departamento, uniformados de la Seccional de Tr\u00e1nsito y Transporte del Departamento de Polic\u00eda Atl\u00e1ntico capturaron en flagrancia a tres personas por el delito de tr\u00e1fico, fabricaci\u00f3n o porte de estupefacientes.<\/p>\n\n\n\n<p class=\"wp-block-paragraph\">El procedimiento se llev\u00f3 a cabo sobre la V\u00eda Cordialidad, en el kil\u00f3metro 102+100, jurisdicci\u00f3n del municipio de Baranoa, donde los uniformados realizaban actividades de registro, control y prevenci\u00f3n. Durante la inspecci\u00f3n a un veh\u00edculo tipo motocarro, hallaron una bolsa de regalo que conten\u00eda una cobija de beb\u00e9 y, en su interior, una envoltura pl\u00e1stica de color negro con una sustancia rocosa de color beige que, por sus caracter\u00edsticas f\u00edsicas, correspond\u00eda presuntamente a clorhidrato de coca\u00edna.<\/p>\n\n\n\n<p class=\"wp-block-paragraph\">En el procedimiento fueron incautados 1.146,3 gramos de clorhidrato de coca\u00edna, sustancia avaluada en aproximadamente $8.024.100, la cual pretend\u00eda ser transportada hacia el corregimiento de Juan de Acosta.<\/p>\n\n\n\n<p class=\"wp-block-paragraph\">Los tres capturados, el estupefaciente incautado y el veh\u00edculo inmovilizado fueron dejados a disposici\u00f3n de la Fiscal\u00eda General de la Naci\u00f3n para responder por el delito de tr\u00e1fico, fabricaci\u00f3n o porte de estupefacientes, contemplado en el art\u00edculo 376 del C\u00f3digo Penal Colombiano.<\/p>\n\n\n\n<p class=\"wp-block-paragraph\">El se\u00f1or coronel Eddy Javier S\u00e1nchez Sandoval, comandante del Departamento de Polic\u00eda Atl\u00e1ntico, reiter\u00f3 que la Instituci\u00f3n continuar\u00e1 fortaleciendo los controles en los principales corredores viales del departamento para combatir el tr\u00e1fico de sustancias estupefacientes e invit\u00f3 a la ciudadan\u00eda a denunciar de manera oportuna cualquier actividad delictiva que afecte la seguridad y la convivencia.<\/p>\n","protected":false},"excerpt":{"rendered":"<p>Durante el procedimiento fueron incautados 1.146,3 gramos de clorhidrato de coca\u00edna, avaluados en aproximadamente $8.024.100. En desarrollo de las acciones operativas para contrarrestar el tr\u00e1fico de estupefacientes en las v\u00edas del departamento, uniformados de la Seccional de Tr\u00e1nsito y Transporte del Departamento de Polic\u00eda Atl\u00e1ntico capturaron en flagrancia a tres personas por el delito de&#8230;<\/p>\n","protected":false},"author":2,"featured_media":5660,"comment_status":"closed","ping_status":"","sticky":false,"template":"","format":"standard","meta":{"rs_blank_template":"","rs_page_bg_color":"","slide_template_v7":"","_kad_post_transparent":"","_kad_post_title":"","_kad_post_layout":"","_kad_post_sidebar_id":"","_kad_post_content_style":"","_kad_post_vertical_padding":"","_kad_post_feature":"","_kad_post_feature_position":"","_kad_post_header":false,"_kad_post_footer":false,"_kad_post_classname":"","footnotes":""},"categories":[23],"tags":[],"class_list":["post-5659","post","type-post","status-publish","format-standard","has-post-thumbnail","hentry","category-autoridades"],"_links":{"self":[{"href":"https:\/\/universoradio.co\/index.php?rest_route=\/wp\/v2\/posts\/5659","targetHints":{"allow":["GET"]}}],"collection":[{"href":"https:\/\/universoradio.co\/index.php?rest_route=\/wp\/v2\/posts"}],"about":[{"href":"https:\/\/universoradio.co\/index.php?rest_route=\/wp\/v2\/types\/post"}],"author":[{"embeddable":true,"href":"https:\/\/universoradio.co\/index.php?rest_route=\/wp\/v2\/users\/2"}],"replies":[{"embeddable":true,"href":"https:\/\/universoradio.co\/index.php?rest_route=%2Fwp%2Fv2%2Fcomments&post=5659"}],"version-history":[{"count":1,"href":"https:\/\/universoradio.co\/index.php?rest_route=\/wp\/v2\/posts\/5659\/revisions"}],"predecessor-version":[{"id":5661,"href":"https:\/\/universoradio.co\/index.php?rest_route=\/wp\/v2\/posts\/5659\/revisions\/5661"}],"wp:featuredmedia":[{"embeddable":true,"href":"https:\/\/universoradio.co\/index.php?rest_route=\/wp\/v2\/media\/5660"}],"wp:attachment":[{"href":"https:\/\/universoradio.co\/index.php?rest_route=%2Fwp%2Fv2%2Fmedia&parent=5659"}],"wp:term":[{"taxonomy":"category","embeddable":true,"href":"https:\/\/universoradio.co\/index.php?rest_route=%2Fwp%2Fv2%2Fcategories&post=5659"},{"taxonomy":"post_tag","embeddable":true,"href":"https:\/\/universoradio.co\/index.php?rest_route=%2Fwp%2Fv2%2Ftags&post=5659"}],"curies":[{"name":"wp","href":"https:\/\/api.w.org\/{rel}","templated":true}]}}