{"id":5662,"date":"2026-08-07T10:40:35","date_gmt":"2026-08-07T15:40:35","guid":{"rendered":"https:\/\/universoradio.co\/?p=5662"},"modified":"2026-08-07T10:40:35","modified_gmt":"2026-08-07T15:40:35","slug":"baranoa-conmemoro-los-207-anos-de-la-batalla-de-boyaca-con-actos-protocolarios-en-la-plaza-principal","status":"publish","type":"post","link":"https:\/\/universoradio.co\/?p=5662","title":{"rendered":"Baranoa conmemor\u00f3 los 207 a\u00f1os de la Batalla de Boyac\u00e1 con actos protocolarios en la plaza principal"},"content":{"rendered":"\n<p class=\"has-drop-cap wp-block-paragraph\">La Administraci\u00f3n Municipal de Baranoa, liderada por el alcalde Edinson Palma, presidio los actos protocolarios con motivo de cumplirse 207 a\u00f1os de la Batalla de Boyac\u00e1, efem\u00e9ride que se celebra cada 7 de agosto y que marc\u00f3 un hito decisivo en la independencia de Colombia.<\/p>\n\n\n\n<p class=\"wp-block-paragraph\">Esta gesta hist\u00f3rica, librada el 7 de agosto de 1819, consolid\u00f3 el triunfo de las fuerzas patriotas lideradas por el Libertador Sim\u00f3n Bol\u00edvar y sell\u00f3 el camino hacia la libertad del territorio que hoy conforma la Rep\u00fablica de Colombia.<\/p>\n\n\n\n<p class=\"wp-block-paragraph\">Con este sentido de memoria y patriotismo, el alcalde municipal Baranoa rindi\u00f3 homenaje a quienes ofrendaron su vida por la patria.<\/p>\n\n\n\n<p class=\"wp-block-paragraph\">Con un solemne acto que incluy\u00f3 honores a los s\u00edmbolos patrios, minuto de silencio por los h\u00e9roes ca\u00eddos y una ofrenda floral ante la estatua del Libertador Sim\u00f3n Bol\u00edvar, inici\u00f3 la programaci\u00f3n.<\/p>\n\n\n\n<p class=\"wp-block-paragraph\">Durante su interlocuci\u00f3n Palma Jim\u00e9nez, dijo que la mejor manera de honrar a los h\u00e9roes es trabajar con honestidad, responsabilidad y compromiso por el bienestar de la comunidad.<\/p>\n\n\n\n<p class=\"wp-block-paragraph\">\u201c Con cada obra, cada proyecto y acci\u00f3n buscamos aportar al progreso de nuestra tierra\u201d, dijo Palma.<\/p>\n\n\n\n<p class=\"wp-block-paragraph\">As\u00ed mismo, hizo un reconocimiento especial al Ej\u00e9rcito Nacional y Polic\u00eda por su permanente compromiso por la seguridad y tranquilidad de los colombianos.<\/p>\n\n\n\n<p class=\"wp-block-paragraph\">Envi\u00f3 un mensaje a la comunidad, especialmente a los ni\u00f1os y j\u00f3venes para conocer la historia del pa\u00eds y mantener vivo el amor por la patria.<\/p>\n\n\n\n<p class=\"wp-block-paragraph\">A esta ceromonia asisti\u00f3 la gestora social, Julia Duran, secretarios de despacho, el gerente del Hospital, Ramiro Rada, el comandante del Distrito 2, teniente coronel, Miguel Moreno, el personero municipal, Mauricio V\u00e9lez, concejales, gestores culturales, Cruz Roja, Bomberos y comunidad general.<\/p>\n","protected":false},"excerpt":{"rendered":"<p>La Administraci\u00f3n Municipal de Baranoa, liderada por el alcalde Edinson Palma, presidio los actos protocolarios con motivo de cumplirse 207 a\u00f1os de la Batalla de Boyac\u00e1, efem\u00e9ride que se celebra cada 7 de agosto y que marc\u00f3 un hito decisivo en la independencia de Colombia. Esta gesta hist\u00f3rica, librada el 7 de agosto de 1819,&#8230;<\/p>\n","protected":false},"author":2,"featured_media":5663,"comment_status":"closed","ping_status":"","sticky":false,"template":"","format":"standard","meta":{"rs_blank_template":"","rs_page_bg_color":"","slide_template_v7":"","_kad_post_transparent":"","_kad_post_title":"","_kad_post_layout":"","_kad_post_sidebar_id":"","_kad_post_content_style":"","_kad_post_vertical_padding":"","_kad_post_feature":"","_kad_post_feature_position":"","_kad_post_header":false,"_kad_post_footer":false,"_kad_post_classname":"","footnotes":""},"categories":[50],"tags":[],"class_list":["post-5662","post","type-post","status-publish","format-standard","has-post-thumbnail","hentry","category-generales"],"_links":{"self":[{"href":"https:\/\/universoradio.co\/index.php?rest_route=\/wp\/v2\/posts\/5662","targetHints":{"allow":["GET"]}}],"collection":[{"href":"https:\/\/universoradio.co\/index.php?rest_route=\/wp\/v2\/posts"}],"about":[{"href":"https:\/\/universoradio.co\/index.php?rest_route=\/wp\/v2\/types\/post"}],"author":[{"embeddable":true,"href":"https:\/\/universoradio.co\/index.php?rest_route=\/wp\/v2\/users\/2"}],"replies":[{"embeddable":true,"href":"https:\/\/universoradio.co\/index.php?rest_route=%2Fwp%2Fv2%2Fcomments&post=5662"}],"version-history":[{"count":1,"href":"https:\/\/universoradio.co\/index.php?rest_route=\/wp\/v2\/posts\/5662\/revisions"}],"predecessor-version":[{"id":5664,"href":"https:\/\/universoradio.co\/index.php?rest_route=\/wp\/v2\/posts\/5662\/revisions\/5664"}],"wp:featuredmedia":[{"embeddable":true,"href":"https:\/\/universoradio.co\/index.php?rest_route=\/wp\/v2\/media\/5663"}],"wp:attachment":[{"href":"https:\/\/universoradio.co\/index.php?rest_route=%2Fwp%2Fv2%2Fmedia&parent=5662"}],"wp:term":[{"taxonomy":"category","embeddable":true,"href":"https:\/\/universoradio.co\/index.php?rest_route=%2Fwp%2Fv2%2Fcategories&post=5662"},{"taxonomy":"post_tag","embeddable":true,"href":"https:\/\/universoradio.co\/index.php?rest_route=%2Fwp%2Fv2%2Ftags&post=5662"}],"curies":[{"name":"wp","href":"https:\/\/api.w.org\/{rel}","templated":true}]}}