{"id":5665,"date":"2026-08-07T10:49:22","date_gmt":"2026-08-07T15:49:22","guid":{"rendered":"https:\/\/universoradio.co\/?p=5665"},"modified":"2026-08-07T10:49:22","modified_gmt":"2026-08-07T15:49:22","slug":"pae-soledad-promueve-la-lactancia-materna-como-base-de-una-alimentacion-saludable","status":"publish","type":"post","link":"https:\/\/universoradio.co\/?p=5665","title":{"rendered":"PAE Soledad promueve la lactancia materna como base de una alimentaci\u00f3n saludable"},"content":{"rendered":"\n<p class=\"has-drop-cap wp-block-paragraph\">En el marco de la Semana Mundial de la Lactancia Materna, el Programa de Alimentaci\u00f3n Escolar (PAE) del Municipio de Soledad se sum\u00f3 a esta importante conmemoraci\u00f3n, reafirmando su compromiso con la promoci\u00f3n de h\u00e1bitos de vida saludables desde los primeros d\u00edas de vida. La iniciativa busca sensibilizar a las familias sobre la importancia de la lactancia materna como el primer alimento y la mejor fuente de nutrici\u00f3n para los ni\u00f1os.<\/p>\n\n\n\n<p class=\"wp-block-paragraph\">La lactancia materna exclusiva durante los primeros seis meses y su continuaci\u00f3n junto con una alimentaci\u00f3n complementaria adecuada favorecen el crecimiento, fortalecen el sistema inmunol\u00f3gico y contribuyen al desarrollo f\u00edsico y cognitivo de los menores. Estos beneficios permiten que los ni\u00f1os lleguen a la etapa escolar con un estado de salud \u00f3ptimo, favoreciendo su aprendizaje y bienestar integral.<\/p>\n\n\n\n<p class=\"wp-block-paragraph\">Desde el PAE de Soledad se contin\u00faa promoviendo una cultura de alimentaci\u00f3n saludable desde el nacimiento, convencidos de que una buena nutrici\u00f3n en la primera infancia es fundamental para formar generaciones m\u00e1s sanas, fuertes y con mayores oportunidades de desarrollo.<\/p>\n","protected":false},"excerpt":{"rendered":"<p>En el marco de la Semana Mundial de la Lactancia Materna, el Programa de Alimentaci\u00f3n Escolar (PAE) del Municipio de Soledad se sum\u00f3 a esta importante conmemoraci\u00f3n, reafirmando su compromiso con la promoci\u00f3n de h\u00e1bitos de vida saludables desde los primeros d\u00edas de vida. La iniciativa busca sensibilizar a las familias sobre la importancia de&#8230;<\/p>\n","protected":false},"author":2,"featured_media":5666,"comment_status":"closed","ping_status":"","sticky":false,"template":"","format":"standard","meta":{"rs_blank_template":"","rs_page_bg_color":"","slide_template_v7":"","_kad_post_transparent":"","_kad_post_title":"","_kad_post_layout":"","_kad_post_sidebar_id":"","_kad_post_content_style":"","_kad_post_vertical_padding":"","_kad_post_feature":"","_kad_post_feature_position":"","_kad_post_header":false,"_kad_post_footer":false,"_kad_post_classname":"","footnotes":""},"categories":[50],"tags":[],"class_list":["post-5665","post","type-post","status-publish","format-standard","has-post-thumbnail","hentry","category-generales"],"_links":{"self":[{"href":"https:\/\/universoradio.co\/index.php?rest_route=\/wp\/v2\/posts\/5665","targetHints":{"allow":["GET"]}}],"collection":[{"href":"https:\/\/universoradio.co\/index.php?rest_route=\/wp\/v2\/posts"}],"about":[{"href":"https:\/\/universoradio.co\/index.php?rest_route=\/wp\/v2\/types\/post"}],"author":[{"embeddable":true,"href":"https:\/\/universoradio.co\/index.php?rest_route=\/wp\/v2\/users\/2"}],"replies":[{"embeddable":true,"href":"https:\/\/universoradio.co\/index.php?rest_route=%2Fwp%2Fv2%2Fcomments&post=5665"}],"version-history":[{"count":1,"href":"https:\/\/universoradio.co\/index.php?rest_route=\/wp\/v2\/posts\/5665\/revisions"}],"predecessor-version":[{"id":5667,"href":"https:\/\/universoradio.co\/index.php?rest_route=\/wp\/v2\/posts\/5665\/revisions\/5667"}],"wp:featuredmedia":[{"embeddable":true,"href":"https:\/\/universoradio.co\/index.php?rest_route=\/wp\/v2\/media\/5666"}],"wp:attachment":[{"href":"https:\/\/universoradio.co\/index.php?rest_route=%2Fwp%2Fv2%2Fmedia&parent=5665"}],"wp:term":[{"taxonomy":"category","embeddable":true,"href":"https:\/\/universoradio.co\/index.php?rest_route=%2Fwp%2Fv2%2Fcategories&post=5665"},{"taxonomy":"post_tag","embeddable":true,"href":"https:\/\/universoradio.co\/index.php?rest_route=%2Fwp%2Fv2%2Ftags&post=5665"}],"curies":[{"name":"wp","href":"https:\/\/api.w.org\/{rel}","templated":true}]}}