{"id":5668,"date":"2026-08-07T10:57:59","date_gmt":"2026-08-07T15:57:59","guid":{"rendered":"https:\/\/universoradio.co\/?p=5668"},"modified":"2026-08-07T10:57:59","modified_gmt":"2026-08-07T15:57:59","slug":"empresarios-expresan-respaldo-y-disposicion-para-trabajar-con-el-gobierno-de-de-la-espriella","status":"publish","type":"post","link":"https:\/\/universoradio.co\/?p=5668","title":{"rendered":"Empresarios expresan respaldo y disposici\u00f3n para trabajar con el Gobierno de De La Espriella"},"content":{"rendered":"\n<p class=\"wp-block-paragraph\"><strong>Desde el Consejo Gremial y la ANDI manifestaron su disposici\u00f3n para trabajar con la nueva administraci\u00f3n y llamaron a construir soluciones frente a los principales desaf\u00edos del pa\u00eds.<\/strong><\/p>\n\n\n\n<p class=\"has-drop-cap wp-block-paragraph\">A pocas horas de la posesi\u00f3n de\u00a0Abelardo De La Espriella\u00a0como presidente de Colombia,\u00a0<strong>l\u00edderes del sector empresarial expresaron su respaldo al inicio del nuevo Gobierno y manifestaron su disposici\u00f3n para trabajar de manera conjunta en la b\u00fasqueda de soluciones a los principales desaf\u00edos del pa\u00eds.<\/strong><\/p>\n\n\n\n<p class=\"wp-block-paragraph\">Desde Cali, donde asistir\u00e1 a la ceremonia de posesi\u00f3n, la presidenta del Consejo Gremial Nacional, Natalia Guti\u00e9rrez, asegur\u00f3 que el empresariado quiere ser un aliado del nuevo Gobierno y contribuir a la reconstrucci\u00f3n del pa\u00eds. Adem\u00e1s,\u00a0<strong>entreg\u00f3 la Agenda del Sector Privado 2026-2030, una propuesta con nueve prioridades, entre ellas recuperar la seguridad, fortalecer las instituciones e impulsar el crecimiento econ\u00f3mico.<\/strong><\/p>\n\n\n\n<p class=\"wp-block-paragraph\">Guti\u00e9rrez afirm\u00f3 que el nuevo Gobierno recibe un pa\u00eds con retos como el deterioro de la seguridad, el debilitamiento de las finanzas p\u00fablicas, la ca\u00edda de la inversi\u00f3n, los rezagos en infraestructura, la alta informalidad y los riesgos para la seguridad minero-energ\u00e9tica.\u00a0<strong>Tambi\u00e9n le dese\u00f3 \u00e9xitos al presidente y reiter\u00f3 la disposici\u00f3n del sector privado para trabajar de manera articulada.<\/strong><\/p>\n\n\n\n<p class=\"wp-block-paragraph\">Por su parte, el presidente de la Asociaci\u00f3n Nacional de Industriales (ANDI), Bruce Mac Master, public\u00f3 un mensaje en su cuenta de X en el que afirm\u00f3 que la posesi\u00f3n presidencial marca el cierre de un ciclo y el comienzo de otro para el pa\u00eds. Se\u00f1al\u00f3 que, m\u00e1s all\u00e1 de las diferencias ideol\u00f3gicas, los\u00a0<strong>colombianos comparten el objetivo de construir un mejor futuro y sostuvo que los grandes desaf\u00edos nacionales requieren la participaci\u00f3n de todos.<\/strong><\/p>\n\n\n\n<p class=\"wp-block-paragraph\"><strong>El presidente de la Andi hizo un llamado a mirar el futuro con optimismo y a construir soluciones de manera colectiva, respetando las reglas democr\u00e1ticas y buscando el beneficio general.<\/strong>\u00a0Afirm\u00f3 que el liderazgo del nuevo Gobierno debe ejercerse con la participaci\u00f3n de todos los colombianos y pensando en las pr\u00f3ximas generaciones.<\/p>\n\n\n\n<p class=\"wp-block-paragraph\"><strong><br><\/strong><br><\/p>\n","protected":false},"excerpt":{"rendered":"<p>Desde el Consejo Gremial y la ANDI manifestaron su disposici\u00f3n para trabajar con la nueva administraci\u00f3n y llamaron a construir soluciones frente a los principales desaf\u00edos del pa\u00eds. A pocas horas de la posesi\u00f3n de\u00a0Abelardo De La Espriella\u00a0como presidente de Colombia,\u00a0l\u00edderes del sector empresarial expresaron su respaldo al inicio del nuevo Gobierno y manifestaron su&#8230;<\/p>\n","protected":false},"author":2,"featured_media":5506,"comment_status":"closed","ping_status":"","sticky":false,"template":"","format":"standard","meta":{"rs_blank_template":"","rs_page_bg_color":"","slide_template_v7":"","_kad_post_transparent":"","_kad_post_title":"","_kad_post_layout":"","_kad_post_sidebar_id":"","_kad_post_content_style":"","_kad_post_vertical_padding":"","_kad_post_feature":"","_kad_post_feature_position":"","_kad_post_header":false,"_kad_post_footer":false,"_kad_post_classname":"","footnotes":""},"categories":[56],"tags":[],"class_list":["post-5668","post","type-post","status-publish","format-standard","has-post-thumbnail","hentry","category-nacional"],"_links":{"self":[{"href":"https:\/\/universoradio.co\/index.php?rest_route=\/wp\/v2\/posts\/5668","targetHints":{"allow":["GET"]}}],"collection":[{"href":"https:\/\/universoradio.co\/index.php?rest_route=\/wp\/v2\/posts"}],"about":[{"href":"https:\/\/universoradio.co\/index.php?rest_route=\/wp\/v2\/types\/post"}],"author":[{"embeddable":true,"href":"https:\/\/universoradio.co\/index.php?rest_route=\/wp\/v2\/users\/2"}],"replies":[{"embeddable":true,"href":"https:\/\/universoradio.co\/index.php?rest_route=%2Fwp%2Fv2%2Fcomments&post=5668"}],"version-history":[{"count":1,"href":"https:\/\/universoradio.co\/index.php?rest_route=\/wp\/v2\/posts\/5668\/revisions"}],"predecessor-version":[{"id":5669,"href":"https:\/\/universoradio.co\/index.php?rest_route=\/wp\/v2\/posts\/5668\/revisions\/5669"}],"wp:featuredmedia":[{"embeddable":true,"href":"https:\/\/universoradio.co\/index.php?rest_route=\/wp\/v2\/media\/5506"}],"wp:attachment":[{"href":"https:\/\/universoradio.co\/index.php?rest_route=%2Fwp%2Fv2%2Fmedia&parent=5668"}],"wp:term":[{"taxonomy":"category","embeddable":true,"href":"https:\/\/universoradio.co\/index.php?rest_route=%2Fwp%2Fv2%2Fcategories&post=5668"},{"taxonomy":"post_tag","embeddable":true,"href":"https:\/\/universoradio.co\/index.php?rest_route=%2Fwp%2Fv2%2Ftags&post=5668"}],"curies":[{"name":"wp","href":"https:\/\/api.w.org\/{rel}","templated":true}]}}