{"id":5670,"date":"2026-08-07T18:22:18","date_gmt":"2026-08-07T23:22:18","guid":{"rendered":"https:\/\/universoradio.co\/?p=5670"},"modified":"2026-08-07T18:22:18","modified_gmt":"2026-08-07T23:22:18","slug":"abelardo-de-la-espriella-toma-posecion-como-presidente-de-colombia","status":"publish","type":"post","link":"https:\/\/universoradio.co\/?p=5670","title":{"rendered":"Abelardo De La Espriella toma poseci\u00f3n como presidente de Colombia"},"content":{"rendered":"\n<h5 class=\"wp-block-heading\"><strong>La sesi\u00f3n entr\u00f3 entonces en un prolongado receso a la espera del presidente electo y de su esposa, Ana Luc\u00eda Pineda, quienes transcurrida m\u00e1s de media hora, segu\u00edan sin llegar al auditorio.<\/strong><\/h5>\n\n\n\n<p class=\"has-drop-cap wp-block-paragraph\">La ceremonia de investidura del abogado ultraderechista Abelardo de la Espriella como presidente de Colombia para el periodo 2026-2030 comenz\u00f3 este viernes en un auditorio universitario de Cali, capital del departamento del Valle del Cauca, en presencia de una mayor\u00eda del Congreso, autoridades nacionales y jefes de Estado de una decena de pa\u00edses.<\/p>\n\n\n\n<p class=\"wp-block-paragraph\">Tras la constataci\u00f3n del cu\u00f3rum legislativo, una comisi\u00f3n compuesta por senadores y representantes de la C\u00e1mara de varios partidos se dirigi\u00f3 a otro lugar para invitar a De la Espriella a dirigirse a la Arena USC de la Universidad Santiago de Cali, donde se lleva a cabo la ceremonia.<\/p>\n\n\n\n<p class=\"wp-block-paragraph\">La sesi\u00f3n entr\u00f3 entonces en un prolongado receso a la espera del presidente electo y de su esposa, Ana Luc\u00eda Pineda, quienes transcurrida m\u00e1s de media hora, segu\u00edan sin llegar al auditorio.<\/p>\n\n\n\n<p class=\"wp-block-paragraph\">En el acto es notoria la ausencia de los congresistas del Pacto Hist\u00f3rico, partido del presidente saliente de Colombia, Gustavo Petro, quienes no asisten a la investidura de De la Espriella, a quien consideran un presidente \u00abileg\u00edtimo\u00bb, y muchos de ellos no reconocen su elecci\u00f3n al sostener que hubo fraude.<\/p>\n\n\n\n<p class=\"wp-block-paragraph\">Quienes s\u00ed asisten son los expresidentes colombianos C\u00e9sar Gaviria (1990-1994), Andr\u00e9s Pastrana (1998-2002), \u00c1lvaro Uribe (2002-2010) e Iv\u00e1n Duque (2018-2022), mientras que Ernesto Samper (1994-1998) y el premio Nobel de la Paz de 2016, Juan Manuel Santos (2010-2018) no fueron invitados.<\/p>\n\n\n\n<p class=\"wp-block-paragraph\">Al auditorio, decorado con flores colombianas y con grandes pantallas en las que se lee \u2018Bienvenidos a la Patria Milagro\u2019, llegaron tambi\u00e9n el rey Felipe VI de Espa\u00f1a y los presidentes de Argentina, Javier Milei; Ecuador, Daniel Noboa; Paraguay, Santiago Pe\u00f1a; Panam\u00e1, Jos\u00e9 Ra\u00fal Mulino; Rep\u00fablica Dominicana, Luis Abinader; Chile, Jos\u00e9 Antonio Kast; y Honduras, Nasry Asfura, as\u00ed como el presidente de la FIFA, Gianni Infantino.<\/p>\n","protected":false},"excerpt":{"rendered":"<p>La sesi\u00f3n entr\u00f3 entonces en un prolongado receso a la espera del presidente electo y de su esposa, Ana Luc\u00eda Pineda, quienes transcurrida m\u00e1s de media hora, segu\u00edan sin llegar al auditorio. La ceremonia de investidura del abogado ultraderechista Abelardo de la Espriella como presidente de Colombia para el periodo 2026-2030 comenz\u00f3 este viernes en&#8230;<\/p>\n","protected":false},"author":2,"featured_media":5671,"comment_status":"closed","ping_status":"","sticky":false,"template":"","format":"standard","meta":{"rs_blank_template":"","rs_page_bg_color":"","slide_template_v7":"","_kad_post_transparent":"","_kad_post_title":"","_kad_post_layout":"","_kad_post_sidebar_id":"","_kad_post_content_style":"","_kad_post_vertical_padding":"","_kad_post_feature":"","_kad_post_feature_position":"","_kad_post_header":false,"_kad_post_footer":false,"_kad_post_classname":"","footnotes":""},"categories":[56],"tags":[],"class_list":["post-5670","post","type-post","status-publish","format-standard","has-post-thumbnail","hentry","category-nacional"],"_links":{"self":[{"href":"https:\/\/universoradio.co\/index.php?rest_route=\/wp\/v2\/posts\/5670","targetHints":{"allow":["GET"]}}],"collection":[{"href":"https:\/\/universoradio.co\/index.php?rest_route=\/wp\/v2\/posts"}],"about":[{"href":"https:\/\/universoradio.co\/index.php?rest_route=\/wp\/v2\/types\/post"}],"author":[{"embeddable":true,"href":"https:\/\/universoradio.co\/index.php?rest_route=\/wp\/v2\/users\/2"}],"replies":[{"embeddable":true,"href":"https:\/\/universoradio.co\/index.php?rest_route=%2Fwp%2Fv2%2Fcomments&post=5670"}],"version-history":[{"count":1,"href":"https:\/\/universoradio.co\/index.php?rest_route=\/wp\/v2\/posts\/5670\/revisions"}],"predecessor-version":[{"id":5672,"href":"https:\/\/universoradio.co\/index.php?rest_route=\/wp\/v2\/posts\/5670\/revisions\/5672"}],"wp:featuredmedia":[{"embeddable":true,"href":"https:\/\/universoradio.co\/index.php?rest_route=\/wp\/v2\/media\/5671"}],"wp:attachment":[{"href":"https:\/\/universoradio.co\/index.php?rest_route=%2Fwp%2Fv2%2Fmedia&parent=5670"}],"wp:term":[{"taxonomy":"category","embeddable":true,"href":"https:\/\/universoradio.co\/index.php?rest_route=%2Fwp%2Fv2%2Fcategories&post=5670"},{"taxonomy":"post_tag","embeddable":true,"href":"https:\/\/universoradio.co\/index.php?rest_route=%2Fwp%2Fv2%2Ftags&post=5670"}],"curies":[{"name":"wp","href":"https:\/\/api.w.org\/{rel}","templated":true}]}}