{"id":5673,"date":"2026-08-09T09:28:10","date_gmt":"2026-08-09T14:28:10","guid":{"rendered":"https:\/\/universoradio.co\/?p=5673"},"modified":"2026-08-09T09:28:10","modified_gmt":"2026-08-09T14:28:10","slug":"abuela-madre-y-nieta-las-tres-colombianas-que-murieron-en-accidente-de-helicoptero-en-rio-de-janeiro","status":"publish","type":"post","link":"https:\/\/universoradio.co\/?p=5673","title":{"rendered":"Abuela, madre y nieta, las tres colombianas que murieron en accidente de helic\u00f3ptero en R\u00edo de Janeiro"},"content":{"rendered":"\n<p class=\"wp-block-paragraph\"><strong>Las v\u00edctimas fueron identificadas como Lida Roc\u00edo Cubillos, Wendy Manrique Cubillos y la menor Sof\u00eda Murillo Manrique. La Canciller\u00eda colombiana adelanta gestiones con las autoridades brasile\u00f1as para acompa\u00f1ar a los familiares.<\/strong><\/p>\n\n\n\n<p class=\"has-drop-cap wp-block-paragraph\">Una familia colombiana vive una tragedia luego de que tres de sus integrantes murieran en un accidente de helic\u00f3ptero ocurrido en R\u00edo de Janeiro, Brasil. Entre las v\u00edctimas se encuentran una abuela, su hija y su nieta, quienes hab\u00edan viajado al pa\u00eds para celebrar los 15 a\u00f1os de la menor.<\/p>\n\n\n\n<p class=\"wp-block-paragraph\">Las colombianas fallecidas fueron identificadas como <strong>Lida Roc\u00edo Cubillos<\/strong>, la abuela; <strong>Wendy Manrique Cubillos<\/strong>, su hija; y <strong>Sof\u00eda Murillo Manrique<\/strong>, una menor de edad. En el accidente tambi\u00e9n muri\u00f3 el piloto de la aeronave.<\/p>\n\n\n\n<p class=\"wp-block-paragraph\">El <strong>Ministerio de Relaciones Exteriores de Colombia<\/strong> lament\u00f3 el hecho y se\u00f1al\u00f3 que el Consulado de Colombia en R\u00edo de Janeiro adelanta las gestiones correspondientes con las autoridades locales para establecer contacto con los familiares de las v\u00edctimas y brindarles la asistencia consular necesaria.<\/p>\n\n\n\n<p class=\"wp-block-paragraph\">Seg\u00fan la informaci\u00f3n conocida, las tres mujeres se encontraban en R\u00edo de Janeiro para participar en la celebraci\u00f3n de los 15 a\u00f1os de Sof\u00eda. Otros familiares tambi\u00e9n hab\u00edan viajado para la celebraci\u00f3n y ten\u00edan previsto realizar el mismo recorrido posteriormente.<\/p>\n\n\n\n<h3 class=\"wp-block-heading\">Accidente ocurri\u00f3 en una zona de dif\u00edcil acceso<\/h3>\n\n\n\n<p class=\"wp-block-paragraph\">El helic\u00f3ptero cay\u00f3 en una zona boscosa de dif\u00edcil acceso, situaci\u00f3n que complic\u00f3 las labores de los organismos de emergencia para recuperar los cuerpos.<\/p>\n\n\n\n<p class=\"wp-block-paragraph\">Las autoridades brasile\u00f1as trasladaron los cuerpos al instituto forense, donde se adelantar\u00e1n los procedimientos de identificaci\u00f3n y verificaci\u00f3n correspondientes, en contraste con la informaci\u00f3n registrada en el vuelo.<\/p>\n\n\n\n<p class=\"wp-block-paragraph\">Asimismo, las autoridades esperan los resultados de la investigaci\u00f3n del <strong>Centro de Investigaci\u00f3n y Prevenci\u00f3n de Accidentes Aeron\u00e1uticos de Brasil<\/strong>, organismo encargado de establecer las causas que provocaron la ca\u00edda de la aeronave.<\/p>\n\n\n\n<p class=\"wp-block-paragraph\">Por su parte, el alcalde de R\u00edo de Janeiro, Eduardo Cavaliere, solicit\u00f3 a la Agencia Nacional de Aviaci\u00f3n Civil reforzar la fiscalizaci\u00f3n de los vuelos en helic\u00f3ptero que se realizan en la ciudad, con el prop\u00f3sito de fortalecer las condiciones de seguridad.<\/p>\n\n\n\n<p class=\"wp-block-paragraph\">La Canciller\u00eda reiter\u00f3 que continuar\u00e1 acompa\u00f1ando a los familiares de las tres colombianas y prestando la asistencia consular que corresponda mientras avanzan las diligencias en Brasil.<\/p>\n","protected":false},"excerpt":{"rendered":"<p>Las v\u00edctimas fueron identificadas como Lida Roc\u00edo Cubillos, Wendy Manrique Cubillos y la menor Sof\u00eda Murillo Manrique. La Canciller\u00eda colombiana adelanta gestiones con las autoridades brasile\u00f1as para acompa\u00f1ar a los familiares. Una familia colombiana vive una tragedia luego de que tres de sus integrantes murieran en un accidente de helic\u00f3ptero ocurrido en R\u00edo de Janeiro,&#8230;<\/p>\n","protected":false},"author":2,"featured_media":5674,"comment_status":"closed","ping_status":"","sticky":false,"template":"","format":"standard","meta":{"rs_blank_template":"","rs_page_bg_color":"","slide_template_v7":"","_kad_post_transparent":"","_kad_post_title":"","_kad_post_layout":"","_kad_post_sidebar_id":"","_kad_post_content_style":"","_kad_post_vertical_padding":"","_kad_post_feature":"","_kad_post_feature_position":"","_kad_post_header":false,"_kad_post_footer":false,"_kad_post_classname":"","footnotes":""},"categories":[56],"tags":[],"class_list":["post-5673","post","type-post","status-publish","format-standard","has-post-thumbnail","hentry","category-nacional"],"_links":{"self":[{"href":"https:\/\/universoradio.co\/index.php?rest_route=\/wp\/v2\/posts\/5673","targetHints":{"allow":["GET"]}}],"collection":[{"href":"https:\/\/universoradio.co\/index.php?rest_route=\/wp\/v2\/posts"}],"about":[{"href":"https:\/\/universoradio.co\/index.php?rest_route=\/wp\/v2\/types\/post"}],"author":[{"embeddable":true,"href":"https:\/\/universoradio.co\/index.php?rest_route=\/wp\/v2\/users\/2"}],"replies":[{"embeddable":true,"href":"https:\/\/universoradio.co\/index.php?rest_route=%2Fwp%2Fv2%2Fcomments&post=5673"}],"version-history":[{"count":1,"href":"https:\/\/universoradio.co\/index.php?rest_route=\/wp\/v2\/posts\/5673\/revisions"}],"predecessor-version":[{"id":5675,"href":"https:\/\/universoradio.co\/index.php?rest_route=\/wp\/v2\/posts\/5673\/revisions\/5675"}],"wp:featuredmedia":[{"embeddable":true,"href":"https:\/\/universoradio.co\/index.php?rest_route=\/wp\/v2\/media\/5674"}],"wp:attachment":[{"href":"https:\/\/universoradio.co\/index.php?rest_route=%2Fwp%2Fv2%2Fmedia&parent=5673"}],"wp:term":[{"taxonomy":"category","embeddable":true,"href":"https:\/\/universoradio.co\/index.php?rest_route=%2Fwp%2Fv2%2Fcategories&post=5673"},{"taxonomy":"post_tag","embeddable":true,"href":"https:\/\/universoradio.co\/index.php?rest_route=%2Fwp%2Fv2%2Ftags&post=5673"}],"curies":[{"name":"wp","href":"https:\/\/api.w.org\/{rel}","templated":true}]}}