{"id":5676,"date":"2026-08-09T09:39:12","date_gmt":"2026-08-09T14:39:12","guid":{"rendered":"https:\/\/universoradio.co\/?p=5676"},"modified":"2026-08-09T09:39:12","modified_gmt":"2026-08-09T14:39:12","slug":"papa-leon-xiv-urgio-a-ucrania-y-rusia-evitar-ataques-a-civiles","status":"publish","type":"post","link":"https:\/\/universoradio.co\/?p=5676","title":{"rendered":"Papa Le\u00f3n XIV urgi\u00f3 a Ucrania y Rusia evitar ataques a civiles"},"content":{"rendered":"\n<p class=\"wp-block-paragraph\"><strong>Asegur\u00f3 que las v\u00edctimas civiles \u201cse est\u00e1n multiplicando\u201d.<\/strong><\/p>\n\n\n\n<p class=\"has-drop-cap wp-block-paragraph\">El\u00a0<strong>Papa Le\u00f3n XIV<\/strong>\u00a0urgi\u00f3 a detener la espiral de violencia entre\u00a0<strong>Ucrania\u00a0<\/strong>y\u00a0<strong>Rusia\u00a0<\/strong>y que ambos pa\u00edses eviten los ataques a objetivos civiles, durante un llamamiento tras el rezo del \u00e1ngelus dominical celebrado en la plaza de San Pedro.<\/p>\n\n\n\n<p class=\"wp-block-paragraph\"><em>\u201cSiguen llegando noticias dolorosas sobre personas inocentes muertas y heridas en tr\u00e1gicos episodios en Ucrania y Rusia. Se siguen, incluso se est\u00e1n multiplicando, cada vez m\u00e1s v\u00edctimas civiles, incluidos ni\u00f1os\u201d<\/em>, conden\u00f3 el Papa.<\/p>\n\n\n\n<p class=\"wp-block-paragraph\">Expres\u00f3 su solidaridad\u00a0<em>\u201ccon las familias de las v\u00edctimas, los heridos y todos aquellos que sufren a causa del conflicto en curso\u201d\u00a0<\/em>y ante\u00a0<em>\u201ctanto dolor<\/em>\u201d lanz\u00f3 un llamamiento para que\u00a0<em>\u201cambas partes respeten el derecho humanitario y eviten los ataques contra objetivos civiles\u201d.<\/em><\/p>\n\n\n\n<p class=\"wp-block-paragraph\"><em>\u201cLa guerra solo engendra m\u00e1s guerra y causa un sufrimiento inmenso. Es hora de detener la espiral de violencia y dar paso a la diplomacia y el di\u00e1logo para allanar el camino hacia la paz\u201d<\/em>, a\u00f1adi\u00f3 el Papa.<\/p>\n\n\n\n<p class=\"wp-block-paragraph\">El pont\u00edfice estadounidense tambi\u00e9n expres\u00f3 su preocupaci\u00f3n<em>\u00a0\u201cpor la tr\u00e1gica situaci\u00f3n en\u00a0<strong>Sud\u00e1n<\/strong>, en particular en la ciudad de El Obeid\u201d<\/em>\u00a0y renov\u00f3 su llamamiento\u00a0<em>\u201ca quienes est\u00e1n en primera l\u00ednea para garantizar la ayuda humanitaria a la poblaci\u00f3n civil\u201d.<\/em><\/p>\n\n\n\n<p class=\"wp-block-paragraph\">Asimismo pidi\u00f3 \u201c<em>a la comunidad internacional a que respalde estos esfuerzos y proporcione un alivio inmediato\u201d.<\/em><\/p>\n\n\n\n<p class=\"wp-block-paragraph\"><em>\u201cRezo para que el Se\u00f1or pueda poner fin al sufrimiento de quienes padecen, convertir los corazones de quienes infligen tanta violencia y conceder la paz tan esperada\u201d,<\/em>\u00a0se\u00f1al\u00f3.<\/p>\n","protected":false},"excerpt":{"rendered":"<p>Asegur\u00f3 que las v\u00edctimas civiles \u201cse est\u00e1n multiplicando\u201d. El\u00a0Papa Le\u00f3n XIV\u00a0urgi\u00f3 a detener la espiral de violencia entre\u00a0Ucrania\u00a0y\u00a0Rusia\u00a0y que ambos pa\u00edses eviten los ataques a objetivos civiles, durante un llamamiento tras el rezo del \u00e1ngelus dominical celebrado en la plaza de San Pedro. \u201cSiguen llegando noticias dolorosas sobre personas inocentes muertas y heridas en tr\u00e1gicos&#8230;<\/p>\n","protected":false},"author":2,"featured_media":5677,"comment_status":"closed","ping_status":"","sticky":false,"template":"","format":"standard","meta":{"rs_blank_template":"","rs_page_bg_color":"","slide_template_v7":"","_kad_post_transparent":"","_kad_post_title":"","_kad_post_layout":"","_kad_post_sidebar_id":"","_kad_post_content_style":"","_kad_post_vertical_padding":"","_kad_post_feature":"","_kad_post_feature_position":"","_kad_post_header":false,"_kad_post_footer":false,"_kad_post_classname":"","footnotes":""},"categories":[53],"tags":[],"class_list":["post-5676","post","type-post","status-publish","format-standard","has-post-thumbnail","hentry","category-internacional"],"_links":{"self":[{"href":"https:\/\/universoradio.co\/index.php?rest_route=\/wp\/v2\/posts\/5676","targetHints":{"allow":["GET"]}}],"collection":[{"href":"https:\/\/universoradio.co\/index.php?rest_route=\/wp\/v2\/posts"}],"about":[{"href":"https:\/\/universoradio.co\/index.php?rest_route=\/wp\/v2\/types\/post"}],"author":[{"embeddable":true,"href":"https:\/\/universoradio.co\/index.php?rest_route=\/wp\/v2\/users\/2"}],"replies":[{"embeddable":true,"href":"https:\/\/universoradio.co\/index.php?rest_route=%2Fwp%2Fv2%2Fcomments&post=5676"}],"version-history":[{"count":1,"href":"https:\/\/universoradio.co\/index.php?rest_route=\/wp\/v2\/posts\/5676\/revisions"}],"predecessor-version":[{"id":5678,"href":"https:\/\/universoradio.co\/index.php?rest_route=\/wp\/v2\/posts\/5676\/revisions\/5678"}],"wp:featuredmedia":[{"embeddable":true,"href":"https:\/\/universoradio.co\/index.php?rest_route=\/wp\/v2\/media\/5677"}],"wp:attachment":[{"href":"https:\/\/universoradio.co\/index.php?rest_route=%2Fwp%2Fv2%2Fmedia&parent=5676"}],"wp:term":[{"taxonomy":"category","embeddable":true,"href":"https:\/\/universoradio.co\/index.php?rest_route=%2Fwp%2Fv2%2Fcategories&post=5676"},{"taxonomy":"post_tag","embeddable":true,"href":"https:\/\/universoradio.co\/index.php?rest_route=%2Fwp%2Fv2%2Ftags&post=5676"}],"curies":[{"name":"wp","href":"https:\/\/api.w.org\/{rel}","templated":true}]}}