{"id":5682,"date":"2026-08-09T12:00:17","date_gmt":"2026-08-09T17:00:17","guid":{"rendered":"https:\/\/universoradio.co\/?p=5682"},"modified":"2026-08-09T12:00:17","modified_gmt":"2026-08-09T17:00:17","slug":"atlantico-aporta-11-medallas-a-colombia-en-los-juegos-centroamericanos-y-del-caribe-2026","status":"publish","type":"post","link":"https:\/\/universoradio.co\/?p=5682","title":{"rendered":"Atl\u00e1ntico aporta 11 medallas a Colombia en los Juegos Centroamericanos y del Caribe 2026"},"content":{"rendered":"\n<p class=\"wp-block-paragraph\"><strong>Seis de los siete medallistas hacen parte del programa Atleta Apoyado de la Gobernaci\u00f3n del Atl\u00e1ntico, a trav\u00e9s de Indeportes.<\/strong><\/p>\n\n\n\n<p class=\"has-drop-cap wp-block-paragraph\">Oro en levantamiento de pesas y tenis, tres podios en el ciclismo de pista y medallas en BMX, atletismo y f\u00fatbol femenino marcaron el balance del Atl\u00e1ntico en los Juegos Centroamericanos y del Caribe 2026. Siete deportistas del registro departamental subieron al podio en Rep\u00fablica Dominicana y aportaron 11 medallas a Colombia: dos de oro, ocho de plata y una de bronce.<\/p>\n\n\n\n<p class=\"wp-block-paragraph\">El resultado tambi\u00e9n tuvo una presencia significativa del programa Atleta Apoyado: seis de los siete medallistas hacen parte de esta iniciativa de la Gobernaci\u00f3n del Atl\u00e1ntico, a trav\u00e9s de Indeportes, que respalda los procesos de preparaci\u00f3n y competencia de los deportistas de alto rendimiento del departamento.<\/p>\n\n\n\n<p class=\"wp-block-paragraph\">Las dos medallas de oro tuvieron como protagonistas al pesista Duv\u00e1n Ferrer y a la tenista Mar\u00eda Paulina P\u00e9rez.<\/p>\n\n\n\n<p class=\"wp-block-paragraph\">Ferrer se consagr\u00f3 campe\u00f3n en el arranque de levantamiento de pesas, con 123 kilogramos, y complet\u00f3 su participaci\u00f3n con una medalla de bronce en el envi\u00f3n, tras levantar 146 kilogramos.<\/p>\n\n\n\n<p class=\"wp-block-paragraph\">\u201cUna alegr\u00eda inmensa, trabajamos para esto. Con el profe estuvimos enfocados siempre en la competencia y la estrategia. Esta medalla de oro me la so\u00f1\u00e9 hace rato y, como todo sue\u00f1o, lo cumpl\u00ed\u201d, expres\u00f3 Ferrer, visiblemente emocionado despu\u00e9s de alcanzar uno de los resultados m\u00e1s importantes de su carrera.<\/p>\n\n\n\n<p class=\"wp-block-paragraph\">La segunda presea dorada lleg\u00f3 por cuenta de Mar\u00eda Paulina P\u00e9rez, quien junto a su compa\u00f1ero de selecci\u00f3n Cristian Rodr\u00edguez se qued\u00f3 con el t\u00edtulo en la modalidad de dobles mixtos. La tenista atlanticense tambi\u00e9n subi\u00f3 al podio con Colombia en la competencia de tenis por equipos femenino, donde obtuvo la medalla de plata.<\/p>\n\n\n\n<p class=\"wp-block-paragraph\">\u201cMuy contenta por esta medalla de oro. No fue una semana f\u00e1cil, pero la sacamos adelante. Tuve algunas molestias antes de la final y ganar el oro fue como un desahogo. Gracias a Dios nos llevamos esta medalla\u201d, manifest\u00f3 la \u2018Mella\u2019 P\u00e9rez.<\/p>\n\n\n\n<p class=\"wp-block-paragraph\">El ciclismo de pista tuvo uno de los mayores aportes al medallero atlanticense. Cristian Ortega Fontalvo conquist\u00f3 tres medallas de plata en velocidad por equipos, velocidad individual y keirin, convirti\u00e9ndose en el deportista del registro del Atl\u00e1ntico con m\u00e1s preseas en estas justas.<\/p>\n\n\n\n<p class=\"wp-block-paragraph\">A esas tres medallas se sumaron las platas de Sharid Fayad, en BMX; Valentina Barrios Bornacelli, en lanzamiento de jabalina; Mar\u00eda Alejandra Rocha, en el relevo femenino 4\u00d7400 metros; Mar\u00eda Paulina P\u00e9rez, en tenis por equipos femenino, y Mar\u00eda Alejandra Baldovino, como integrante de la Selecci\u00f3n Colombia de f\u00fatbol femenino.<\/p>\n\n\n\n<p class=\"wp-block-paragraph\">En atletismo, Valentina Barrios Bornacelli registr\u00f3 58,14 metros en el lanzamiento de jabalina, resultado que le permiti\u00f3 quedarse con la medalla de plata y hacer parte del 1-2 de Colombia en la prueba.<\/p>\n\n\n\n<p class=\"wp-block-paragraph\">\u201cEstoy muy orgullosa de todo mi proceso, feliz al ganar esta medalla de plata. El p\u00fablico en Dominicana fue muy hermoso, siempre nos dieron aliento. Me siento muy feliz y plena\u201d, expres\u00f3 Barrios.<\/p>\n\n\n\n<p class=\"wp-block-paragraph\">En la pista de BMX, Sharid Fayad conquist\u00f3 otra medalla de plata para Colombia y complet\u00f3 tambi\u00e9n un 1-2 nacional, acompa\u00f1ando en el podio a su compatriota Valentina Mu\u00f1oz.<\/p>\n\n\n\n<p class=\"wp-block-paragraph\">\u201cUn honor para m\u00ed llevarme esta medalla a casa, un gran esfuerzo de todo el equipo. Una pista muy r\u00e1pida y un viento cambiante a la hora de la final, pero salimos adelante y estoy muy contenta de hacer el 1-2 para el pa\u00eds\u201d, se\u00f1al\u00f3 Fayad.<\/p>\n\n\n\n<p class=\"wp-block-paragraph\">La medalla de plata de Mar\u00eda Alejandra Rocha lleg\u00f3 como integrante del relevo femenino 4\u00d7400 metros, que registr\u00f3 un tiempo de 3:29.01, mientras que Mar\u00eda Alejandra Baldovino aport\u00f3 otra presea plateada como integrante de la Selecci\u00f3n Colombia de f\u00fatbol femenino.<\/p>\n\n\n\n<p class=\"wp-block-paragraph\">El gobernador del Atl\u00e1ntico, Eduardo Verano, destac\u00f3 el trabajo de los deportistas y se\u00f1al\u00f3 que esta generaci\u00f3n de j\u00f3venes demuestra que el talento del departamento es de exportaci\u00f3n.<\/p>\n\n\n\n<p class=\"wp-block-paragraph\">\u201cInvertir en deporte es invertir en vidas productivas. Estos j\u00f3venes hacen parte de una nueva camada de atlanticenses que entendieron que el deporte abre una puerta gigantesca a un proyecto de vida sana y saludable. Abrazo con mucho afecto a los que nos representaron con tanto esfuerzo y determinaci\u00f3n\u201d, anot\u00f3.<\/p>\n\n\n\n<p class=\"wp-block-paragraph\">De igual manera, el director de Indeportes Atl\u00e1ntico, Iv\u00e1n Urquijo, afirm\u00f3 que cada peso entregado a estos deportistas vale la pena porque son \u201cnuestro orgullo, son nuestra raz\u00f3n de ser de apoyar a deportistas de alto rendimiento que no solo llevan la bandera del Atl\u00e1ntico con orgullo, sino que representan a todo un pa\u00eds que necesita este tipo de alegr\u00edas. Gracias por tanto\u201d, exclam\u00f3.<\/p>\n\n\n\n<p class=\"wp-block-paragraph\">AS\u00cd QUED\u00d3 EL MEDALLERO DEL ATL\u00c1NTICO<\/p>\n\n\n\n<p class=\"wp-block-paragraph\">Medallas de oro<\/p>\n\n\n\n<ul class=\"wp-block-list\">\n<li>Duv\u00e1n Ferrer: levantamiento de pesas, arranque, 123 kg.<\/li>\n\n\n\n<li>Mar\u00eda Paulina P\u00e9rez: tenis, dobles mixtos.<\/li>\n<\/ul>\n\n\n\n<p class=\"wp-block-paragraph\">Medallas de plata<\/p>\n\n\n\n<ul class=\"wp-block-list\">\n<li>Cristian Ortega Fontalvo (3): ciclismo de pista, velocidad por equipos, velocidad individual y keirin.<\/li>\n\n\n\n<li>Sharid Fayad: BMX.<\/li>\n\n\n\n<li>Valentina Barrios Bornacelli: atletismo, lanzamiento de jabalina, 58,14 m.<\/li>\n\n\n\n<li>Mar\u00eda Alejandra Rocha: atletismo, relevo femenino 4 400 m, 3:29, 01.<\/li>\n\n\n\n<li>Mar\u00eda Paulina P\u00e9rez: tenis por equipos femenino.<\/li>\n\n\n\n<li>Mar\u00eda Alejandra Baldovino: f\u00fatbol femenino.<\/li>\n<\/ul>\n\n\n\n<p class=\"wp-block-paragraph\">Medalla de bronce<\/p>\n\n\n\n<ul class=\"wp-block-list\">\n<li>Duv\u00e1n Ferrer: levantamiento de pesas, envi\u00f3n, 146 kg.<\/li>\n<\/ul>\n\n\n\n<p class=\"wp-block-paragraph\">Las 11 medallas conseguidas en Rep\u00fablica Dominicana resumen el esfuerzo de los deportistas, sus entrenadores, las ligas deportivas y sus familias. Seis de los siete medallistas hacen parte de Atleta Apoyado, programa con el que la Gobernaci\u00f3n del Atl\u00e1ntico, a trav\u00e9s de Indeportes, contin\u00faa respaldando los procesos de alto rendimiento del departamento.<\/p>\n","protected":false},"excerpt":{"rendered":"<p>Seis de los siete medallistas hacen parte del programa Atleta Apoyado de la Gobernaci\u00f3n del Atl\u00e1ntico, a trav\u00e9s de Indeportes. Oro en levantamiento de pesas y tenis, tres podios en el ciclismo de pista y medallas en BMX, atletismo y f\u00fatbol femenino marcaron el balance del Atl\u00e1ntico en los Juegos Centroamericanos y del Caribe 2026&#8230;.<\/p>\n","protected":false},"author":2,"featured_media":5683,"comment_status":"closed","ping_status":"","sticky":false,"template":"","format":"standard","meta":{"rs_blank_template":"","rs_page_bg_color":"","slide_template_v7":"","_kad_post_transparent":"","_kad_post_title":"","_kad_post_layout":"","_kad_post_sidebar_id":"","_kad_post_content_style":"","_kad_post_vertical_padding":"","_kad_post_feature":"","_kad_post_feature_position":"","_kad_post_header":false,"_kad_post_footer":false,"_kad_post_classname":"","footnotes":""},"categories":[55],"tags":[],"class_list":["post-5682","post","type-post","status-publish","format-standard","has-post-thumbnail","hentry","category-deportes"],"_links":{"self":[{"href":"https:\/\/universoradio.co\/index.php?rest_route=\/wp\/v2\/posts\/5682","targetHints":{"allow":["GET"]}}],"collection":[{"href":"https:\/\/universoradio.co\/index.php?rest_route=\/wp\/v2\/posts"}],"about":[{"href":"https:\/\/universoradio.co\/index.php?rest_route=\/wp\/v2\/types\/post"}],"author":[{"embeddable":true,"href":"https:\/\/universoradio.co\/index.php?rest_route=\/wp\/v2\/users\/2"}],"replies":[{"embeddable":true,"href":"https:\/\/universoradio.co\/index.php?rest_route=%2Fwp%2Fv2%2Fcomments&post=5682"}],"version-history":[{"count":1,"href":"https:\/\/universoradio.co\/index.php?rest_route=\/wp\/v2\/posts\/5682\/revisions"}],"predecessor-version":[{"id":5684,"href":"https:\/\/universoradio.co\/index.php?rest_route=\/wp\/v2\/posts\/5682\/revisions\/5684"}],"wp:featuredmedia":[{"embeddable":true,"href":"https:\/\/universoradio.co\/index.php?rest_route=\/wp\/v2\/media\/5683"}],"wp:attachment":[{"href":"https:\/\/universoradio.co\/index.php?rest_route=%2Fwp%2Fv2%2Fmedia&parent=5682"}],"wp:term":[{"taxonomy":"category","embeddable":true,"href":"https:\/\/universoradio.co\/index.php?rest_route=%2Fwp%2Fv2%2Fcategories&post=5682"},{"taxonomy":"post_tag","embeddable":true,"href":"https:\/\/universoradio.co\/index.php?rest_route=%2Fwp%2Fv2%2Ftags&post=5682"}],"curies":[{"name":"wp","href":"https:\/\/api.w.org\/{rel}","templated":true}]}}