{"id":5700,"date":"2026-08-13T13:49:00","date_gmt":"2026-08-13T18:49:00","guid":{"rendered":"https:\/\/universoradio.co\/?p=5700"},"modified":"2026-08-12T18:50:50","modified_gmt":"2026-08-12T23:50:50","slug":"tercera-version-de-burger-fest-se-tomara-baranoa-del-14-al-17-de-agosto","status":"publish","type":"post","link":"https:\/\/universoradio.co\/?p=5700","title":{"rendered":"Tercera versi\u00f3n de Burger Fest se tomar\u00e1 Baranoa del 14 al 17 de agosto"},"content":{"rendered":"\n<p class=\"wp-block-paragraph\"><strong>21 establecimientos de comida r\u00e1pida participar\u00e1n en la fiesta gastron\u00f3mica que busca impulsar la econom\u00eda local y el compartir en familia.<\/strong><\/p>\n\n\n\n<p class=\"has-drop-cap wp-block-paragraph\">Con la participaci\u00f3n de 21 establecimientos de comida r\u00e1pida, se realizar\u00e1 la tercera versi\u00f3n de Burger Fest en Baranoa los d\u00edas 14, 15, 16 y 17 de agosto.<\/p>\n\n\n\n<p class=\"wp-block-paragraph\">Se trata de una iniciativa que cuenta con el apoyo de la Alcald\u00eda municipal, con la que se busca impulsar y reactivar la econom\u00eda de los emprendimientos y compartir en familia el delicioso sabor de esta comida r\u00e1pida apetecida por grandes y chicos.<\/p>\n\n\n\n<p class=\"wp-block-paragraph\">La Administraci\u00f3n municipal, liderada por el alcalde Edinson Palma, respalda todas aquellas oportunidades que permitan impulsar la econom\u00eda de los comerciantes locales.<\/p>\n\n\n\n<p class=\"wp-block-paragraph\">\u201cNuestro mandato se caracteriza por brindar apoyo a este tipo de propuestas, porque es una manera de que los negocios crezcan y se solidifiquen, y es lo que queremos: que los comerciantes se posicionen en el mercado\u201d, manifest\u00f3 el alcalde de Baranoa, Edinson Palma.<\/p>\n\n\n\n<p class=\"wp-block-paragraph\">El negocio Artesanas al Carb\u00f3n, a cargo de Diana \u00c1lvarez, es el encargado de la organizaci\u00f3n del evento y manifest\u00f3 que todo se encuentra listo junto con los establecimientos participantes para que esta nueva versi\u00f3n sea exitosa.<\/p>\n\n\n\n<p class=\"wp-block-paragraph\">\u201cLo importante es que nuestros clientes se lleven las mejores impresiones y queden satisfechos con la calidad de las hamburguesas, este a\u00f1o las expectativas son grandes y esperemos que tengamos record en ventas como el a\u00f1o pasado cuando se vendieron unos 11 mil productos\u201d, expres\u00f3 la comerciante \u00c1lvarez.<\/p>\n\n\n\n<p class=\"wp-block-paragraph\">Este a\u00f1o los asistentes podr\u00e1n degustar de 21 propuestas, con una meta ambiciosa de alcanzar 16 mil asistentes. La oferta ser\u00e1 amplia y variada, ya que cada emprendimiento trabaja para presentar una excelente hamburguesa con su toque \u00fanico.<\/p>\n\n\n\n<p class=\"wp-block-paragraph\">El corregimiento de Campeche, al igual que el a\u00f1o pasado continua, tambi\u00e9n participando con su propuesta, sumando diversidad regional al evento.<\/p>\n\n\n\n<p class=\"wp-block-paragraph\">La invitaci\u00f3n es a los baranoeros y p\u00fablico en general para que apoyen y degusten esta amplia variedad, prueben la innovaci\u00f3n de cada propuesta y escojan a la mejor hamburguesa del festival, ingresando en el link<br>https:\/\/tinyurl.com\/Votacionesburguer2026<\/p>\n\n\n\n<p class=\"wp-block-paragraph\">A partir de este viernes a las 5 de la tarde estar\u00e1 habilitado este link en las redes sociales de la Alcald\u00eda municipal y en Artesanas al Carb\u00f3n para que los comensales puedan votar por la mejor hamburguesa.<\/p>\n","protected":false},"excerpt":{"rendered":"<p>21 establecimientos de comida r\u00e1pida participar\u00e1n en la fiesta gastron\u00f3mica que busca impulsar la econom\u00eda local y el compartir en familia. Con la participaci\u00f3n de 21 establecimientos de comida r\u00e1pida, se realizar\u00e1 la tercera versi\u00f3n de Burger Fest en Baranoa los d\u00edas 14, 15, 16 y 17 de agosto. Se trata de una iniciativa que&#8230;<\/p>\n","protected":false},"author":2,"featured_media":5701,"comment_status":"closed","ping_status":"","sticky":false,"template":"","format":"standard","meta":{"rs_blank_template":"","rs_page_bg_color":"","slide_template_v7":"","_kad_post_transparent":"","_kad_post_title":"","_kad_post_layout":"","_kad_post_sidebar_id":"","_kad_post_content_style":"","_kad_post_vertical_padding":"","_kad_post_feature":"","_kad_post_feature_position":"","_kad_post_header":false,"_kad_post_footer":false,"_kad_post_classname":"","footnotes":""},"categories":[54],"tags":[],"class_list":["post-5700","post","type-post","status-publish","format-standard","has-post-thumbnail","hentry","category-barranquilla"],"_links":{"self":[{"href":"https:\/\/universoradio.co\/index.php?rest_route=\/wp\/v2\/posts\/5700","targetHints":{"allow":["GET"]}}],"collection":[{"href":"https:\/\/universoradio.co\/index.php?rest_route=\/wp\/v2\/posts"}],"about":[{"href":"https:\/\/universoradio.co\/index.php?rest_route=\/wp\/v2\/types\/post"}],"author":[{"embeddable":true,"href":"https:\/\/universoradio.co\/index.php?rest_route=\/wp\/v2\/users\/2"}],"replies":[{"embeddable":true,"href":"https:\/\/universoradio.co\/index.php?rest_route=%2Fwp%2Fv2%2Fcomments&post=5700"}],"version-history":[{"count":1,"href":"https:\/\/universoradio.co\/index.php?rest_route=\/wp\/v2\/posts\/5700\/revisions"}],"predecessor-version":[{"id":5702,"href":"https:\/\/universoradio.co\/index.php?rest_route=\/wp\/v2\/posts\/5700\/revisions\/5702"}],"wp:featuredmedia":[{"embeddable":true,"href":"https:\/\/universoradio.co\/index.php?rest_route=\/wp\/v2\/media\/5701"}],"wp:attachment":[{"href":"https:\/\/universoradio.co\/index.php?rest_route=%2Fwp%2Fv2%2Fmedia&parent=5700"}],"wp:term":[{"taxonomy":"category","embeddable":true,"href":"https:\/\/universoradio.co\/index.php?rest_route=%2Fwp%2Fv2%2Fcategories&post=5700"},{"taxonomy":"post_tag","embeddable":true,"href":"https:\/\/universoradio.co\/index.php?rest_route=%2Fwp%2Fv2%2Ftags&post=5700"}],"curies":[{"name":"wp","href":"https:\/\/api.w.org\/{rel}","templated":true}]}}