{"id":5709,"date":"2026-08-13T20:58:00","date_gmt":"2026-08-14T01:58:00","guid":{"rendered":"https:\/\/universoradio.co\/?p=5709"},"modified":"2026-08-12T19:00:14","modified_gmt":"2026-08-13T00:00:14","slug":"procurador-general-lidera-respuesta-institucional-por-afectaciones-provocadas-por-el-terremoto","status":"publish","type":"post","link":"https:\/\/universoradio.co\/?p=5709","title":{"rendered":"Procurador General lidera respuesta institucional por afectaciones provocadas por el terremoto"},"content":{"rendered":"\n<p class=\"has-drop-cap wp-block-paragraph\">El Procurador General de la Naci\u00f3n, Gregorio Eljach Pacheco, contin\u00faa liderando personalmente las acciones institucionales emprendidas con ocasi\u00f3n del terremoto de magnitud 7.4 que azot\u00f3 el territorio nacional, y que ha dejado m\u00e1s de 181 personas fallecidas y m\u00e1s de 1.500 heridos.\u00a0<\/p>\n\n\n\n<p class=\"wp-block-paragraph\">El jefe del Ministerio P\u00fablico resalt\u00f3: \u201che mantenido comunicaci\u00f3n permanente con los funcionarios ubicados en las regiones afectadas por el desastre natural, verificando su situaci\u00f3n, la de sus familias y la de sus equipos de trabajo. A la fecha no se han registrado p\u00e9rdidas de vidas humanas de ninguno de nuestros servidores\u201d.<\/p>\n\n\n\n<p class=\"wp-block-paragraph\">\u201cAlgunos funcionarios de la Procuradur\u00eda s\u00ed han reportado el fallecimiento de familiares, a los cuales les expreso mis m\u00e1s sinceras condolencias\u201d, indic\u00f3 Eljach Pacheco.<\/p>\n\n\n\n<p class=\"wp-block-paragraph\">De otra parte, \u201ccon respecto a nuestras sedes se est\u00e1n realizando las valoraciones t\u00e9cnicas respectivas, con el fin de adoptar las decisiones administrativas a que haya lugar\u201d, puntualiz\u00f3 l Procurador.<\/p>\n","protected":false},"excerpt":{"rendered":"<p>El Procurador General de la Naci\u00f3n, Gregorio Eljach Pacheco, contin\u00faa liderando personalmente las acciones institucionales emprendidas con ocasi\u00f3n del terremoto de magnitud 7.4 que azot\u00f3 el territorio nacional, y que ha dejado m\u00e1s de 181 personas fallecidas y m\u00e1s de 1.500 heridos.\u00a0 El jefe del Ministerio P\u00fablico resalt\u00f3: \u201che mantenido comunicaci\u00f3n permanente con los funcionarios&#8230;<\/p>\n","protected":false},"author":2,"featured_media":5710,"comment_status":"closed","ping_status":"","sticky":false,"template":"","format":"standard","meta":{"rs_blank_template":"","rs_page_bg_color":"","slide_template_v7":"","_kad_post_transparent":"","_kad_post_title":"","_kad_post_layout":"","_kad_post_sidebar_id":"","_kad_post_content_style":"","_kad_post_vertical_padding":"","_kad_post_feature":"","_kad_post_feature_position":"","_kad_post_header":false,"_kad_post_footer":false,"_kad_post_classname":"","footnotes":""},"categories":[56],"tags":[],"class_list":["post-5709","post","type-post","status-publish","format-standard","has-post-thumbnail","hentry","category-nacional"],"_links":{"self":[{"href":"https:\/\/universoradio.co\/index.php?rest_route=\/wp\/v2\/posts\/5709","targetHints":{"allow":["GET"]}}],"collection":[{"href":"https:\/\/universoradio.co\/index.php?rest_route=\/wp\/v2\/posts"}],"about":[{"href":"https:\/\/universoradio.co\/index.php?rest_route=\/wp\/v2\/types\/post"}],"author":[{"embeddable":true,"href":"https:\/\/universoradio.co\/index.php?rest_route=\/wp\/v2\/users\/2"}],"replies":[{"embeddable":true,"href":"https:\/\/universoradio.co\/index.php?rest_route=%2Fwp%2Fv2%2Fcomments&post=5709"}],"version-history":[{"count":1,"href":"https:\/\/universoradio.co\/index.php?rest_route=\/wp\/v2\/posts\/5709\/revisions"}],"predecessor-version":[{"id":5711,"href":"https:\/\/universoradio.co\/index.php?rest_route=\/wp\/v2\/posts\/5709\/revisions\/5711"}],"wp:featuredmedia":[{"embeddable":true,"href":"https:\/\/universoradio.co\/index.php?rest_route=\/wp\/v2\/media\/5710"}],"wp:attachment":[{"href":"https:\/\/universoradio.co\/index.php?rest_route=%2Fwp%2Fv2%2Fmedia&parent=5709"}],"wp:term":[{"taxonomy":"category","embeddable":true,"href":"https:\/\/universoradio.co\/index.php?rest_route=%2Fwp%2Fv2%2Fcategories&post=5709"},{"taxonomy":"post_tag","embeddable":true,"href":"https:\/\/universoradio.co\/index.php?rest_route=%2Fwp%2Fv2%2Ftags&post=5709"}],"curies":[{"name":"wp","href":"https:\/\/api.w.org\/{rel}","templated":true}]}}