{"id":5712,"date":"2026-08-14T18:46:31","date_gmt":"2026-08-14T23:46:31","guid":{"rendered":"https:\/\/universoradio.co\/?p=5712"},"modified":"2026-08-14T18:46:31","modified_gmt":"2026-08-14T23:46:31","slug":"soledad-continua-fortaleciendo-los-espacios-para-los-adultos-mayores","status":"publish","type":"post","link":"https:\/\/universoradio.co\/?p=5712","title":{"rendered":"Soledad contin\u00faa fortaleciendo los espacios para los adultos mayores"},"content":{"rendered":"\n<p class=\"wp-block-paragraph\">La Alcald\u00eda de Soledad, a trav\u00e9s de la Secretar\u00eda de Gesti\u00f3n Social, realiz\u00f3 una jornada de inspecci\u00f3n y seguimiento en el Centro de Vida de Villa Adela, con el prop\u00f3sito de prevenir situaciones, mejorar el entorno y garantizar condiciones adecuadas para los m\u00e1s de 300 adultos mayores que reciben atenci\u00f3n en este espacio.<\/p>\n\n\n\n<p class=\"wp-block-paragraph\">En articulaci\u00f3n con el Edumas y la Oficina de Salud P\u00fablica, se activaron acciones inmediatas para el mejoramiento del entorno, jornada de capacitaci\u00f3n en el manejo adecuado de residuos y de sensibilizaci\u00f3n para la comunidad, adicionalmente, se socializ\u00f3 una propuesta para la renovaci\u00f3n y mejoramiento de la fachada del Centro de Vida, como parte del compromiso de seguir dignificando estos espacios.<\/p>\n\n\n\n<p class=\"wp-block-paragraph\">La administraci\u00f3n municipal, extiende un llamado a todos los solede\u00f1os para fortalecer la cultura ciudadana y trabajar de manera conjunta en la mitigaci\u00f3n de estas problem\u00e1ticas, contribuyendo al mejoramiento de la calidad de vida de los adultos mayores.<\/p>\n","protected":false},"excerpt":{"rendered":"<p>La Alcald\u00eda de Soledad, a trav\u00e9s de la Secretar\u00eda de Gesti\u00f3n Social, realiz\u00f3 una jornada de inspecci\u00f3n y seguimiento en el Centro de Vida de Villa Adela, con el prop\u00f3sito de prevenir situaciones, mejorar el entorno y garantizar condiciones adecuadas para los m\u00e1s de 300 adultos mayores que reciben atenci\u00f3n en este espacio. En articulaci\u00f3n&#8230;<\/p>\n","protected":false},"author":2,"featured_media":5713,"comment_status":"closed","ping_status":"","sticky":false,"template":"","format":"standard","meta":{"rs_blank_template":"","rs_page_bg_color":"","slide_template_v7":"","_kad_post_transparent":"","_kad_post_title":"","_kad_post_layout":"","_kad_post_sidebar_id":"","_kad_post_content_style":"","_kad_post_vertical_padding":"","_kad_post_feature":"","_kad_post_feature_position":"","_kad_post_header":false,"_kad_post_footer":false,"_kad_post_classname":"","footnotes":""},"categories":[50],"tags":[],"class_list":["post-5712","post","type-post","status-publish","format-standard","has-post-thumbnail","hentry","category-generales"],"_links":{"self":[{"href":"https:\/\/universoradio.co\/index.php?rest_route=\/wp\/v2\/posts\/5712","targetHints":{"allow":["GET"]}}],"collection":[{"href":"https:\/\/universoradio.co\/index.php?rest_route=\/wp\/v2\/posts"}],"about":[{"href":"https:\/\/universoradio.co\/index.php?rest_route=\/wp\/v2\/types\/post"}],"author":[{"embeddable":true,"href":"https:\/\/universoradio.co\/index.php?rest_route=\/wp\/v2\/users\/2"}],"replies":[{"embeddable":true,"href":"https:\/\/universoradio.co\/index.php?rest_route=%2Fwp%2Fv2%2Fcomments&post=5712"}],"version-history":[{"count":1,"href":"https:\/\/universoradio.co\/index.php?rest_route=\/wp\/v2\/posts\/5712\/revisions"}],"predecessor-version":[{"id":5714,"href":"https:\/\/universoradio.co\/index.php?rest_route=\/wp\/v2\/posts\/5712\/revisions\/5714"}],"wp:featuredmedia":[{"embeddable":true,"href":"https:\/\/universoradio.co\/index.php?rest_route=\/wp\/v2\/media\/5713"}],"wp:attachment":[{"href":"https:\/\/universoradio.co\/index.php?rest_route=%2Fwp%2Fv2%2Fmedia&parent=5712"}],"wp:term":[{"taxonomy":"category","embeddable":true,"href":"https:\/\/universoradio.co\/index.php?rest_route=%2Fwp%2Fv2%2Fcategories&post=5712"},{"taxonomy":"post_tag","embeddable":true,"href":"https:\/\/universoradio.co\/index.php?rest_route=%2Fwp%2Fv2%2Ftags&post=5712"}],"curies":[{"name":"wp","href":"https:\/\/api.w.org\/{rel}","templated":true}]}}