{"id":5718,"date":"2026-08-16T15:37:34","date_gmt":"2026-08-16T20:37:34","guid":{"rendered":"https:\/\/universoradio.co\/?p=5718"},"modified":"2026-08-16T15:37:34","modified_gmt":"2026-08-16T20:37:34","slug":"el-periodista-y-exgobernador-ventura-diaz-se-une-a-la-campana-humanitaria-de-la-gobernacion-del-atlantico-por-los-damnificados-de-choco","status":"publish","type":"post","link":"https:\/\/universoradio.co\/?p=5718","title":{"rendered":"El periodista y exgobernador Ventura D\u00edaz se une a la campa\u00f1a humanitaria de la Gobernaci\u00f3n del Atl\u00e1ntico por los damnificados de Choc\u00f3"},"content":{"rendered":"\n<p class=\"wp-block-paragraph\"><strong>El gobernador del Atl\u00e1ntico, Eduardo Verano, exalt\u00f3 lo recolectado por D\u00edaz Mej\u00eda a trav\u00e9s de su medio de comunicaci\u00f3n y su anuncio de la disposici\u00f3n para continuar motivando a los atlanticenses a seguir haciendo aportes humanitarios. El pr\u00f3ximo mi\u00e9rcoles, la administraci\u00f3n departamental continuar\u00e1 con las transmisiones en directo de distintos medios de comunicaci\u00f3n desde la Galer\u00eda de la Plaza de la Paz, centro de acopio de las ayudas que traen los ciudadanos.<\/strong><\/p>\n\n\n\n<p class=\"has-drop-cap wp-block-paragraph\">El gobernador del Atl\u00e1ntico, Eduardo Verano, acogi\u00f3 la voz de respaldo del radioperiodista y exmandatario departamental Ventura D\u00edaz Mej\u00eda en el llamado a los atlanticenses a responder positivamente con la ayuda humanitaria que necesitan con urgencia los damnificados por el terremoto del pasado 10 de agosto en el departamento del Choc\u00f3.<\/p>\n\n\n\n<p class=\"wp-block-paragraph\">Verano recibi\u00f3 con agradecimiento el gesto de solidaridad de D\u00edaz Mej\u00eda, quien desde su empresa radial Emisoras ABC ha venido motivando a los atlanticenses y a la regi\u00f3n Caribe en general a sumarse con aportes de alimentos no perecederos, elementos de aseo, frazadas, colchonetas, agua y ropa, entre otros elementos.<\/p>\n\n\n\n<p class=\"wp-block-paragraph\">El radioperiodista entreg\u00f3 al gobernador Eduardo Verano, en el centro de acopio dispuesto en la Galer\u00eda de la Plaza de la Paz de Barranquilla, lo logrado a trav\u00e9s de su medio de comunicaci\u00f3n y ratific\u00f3 su disposici\u00f3n de continuar con la invitaci\u00f3n a sus oyentes. Asimismo, anunci\u00f3 que el pr\u00f3ximo mi\u00e9rcoles 19 de agosto, junto con su equipo de trabajo, har\u00e1 una transmisi\u00f3n en directo desde la Plaza de la Paz, en compa\u00f1\u00eda de otros medios de comunicaci\u00f3n, tal como se realiz\u00f3 en la jornada del viernes pasado.<\/p>\n\n\n\n<p class=\"wp-block-paragraph\">\u201cPrimero que todo, quiero agradecerle a Ventura que, en su inmensa generosidad, ha venido aqu\u00ed a acompa\u00f1arnos y a darnos todas sus luces y toda su experiencia. Estamos muy contentos porque hemos visto c\u00f3mo se ha despertado un gran sentimiento de solidaridad con unas personas que en este momento lo han perdido todo\u201d, expres\u00f3 el mandatario departamental.<\/p>\n\n\n\n<p class=\"wp-block-paragraph\">Verano explic\u00f3 que cuando se registra un fuerte terremoto como el que golpe\u00f3 a la regi\u00f3n Pac\u00edfica y al Eje Cafetero en la ma\u00f1ana del lunes 10 de agosto, las edificaciones se caen y los destrozos son evidentes, el entorno social sufre y la vida les cambia a las personas afectadas.<\/p>\n\n\n\n<p class=\"wp-block-paragraph\">\u201cCreo que nosotros lo que estamos haciendo con esto es apenas un paliativo, pero de todas maneras interesante e importante por las lecciones de solidaridad que esto le est\u00e1 transmitiendo a todos los colombianos; porque quienes han venido aqu\u00ed a entregarnos todas estas cosas son cursos enteros de colegios que vienen y hacen colectas internas entre ellos, familias, empleados, abuelos, madres; en fin, todo aquel al que se le mueve el coraz\u00f3n por esta noble causa\u201d, se\u00f1al\u00f3 el gobernador.<\/p>\n\n\n\n<p class=\"wp-block-paragraph\">Agreg\u00f3 que \u201ccuando uno ve la dimensi\u00f3n de lo que tenemos ac\u00e1, que ha sido recolectado bolsita por bolsita, pu\u00f1adito de arroz por pu\u00f1adito de arroz, y llegar a esta cantidad que tenemos, realmente estamos muy conmovidos de ver c\u00f3mo esto ha golpeado el alma, el coraz\u00f3n y el sentimiento de nuestra gente en el Atl\u00e1ntico\u201d.<\/p>\n\n\n\n<p class=\"wp-block-paragraph\">La cifra supera toda expectativa. Las 30 toneladas de alimentos y elementos recolectados inicialmente fueron duplicadas. Ya son 60 toneladas las que est\u00e1n listas para salir, unas por tierra y otras por avi\u00f3n, con destino al departamento del Choc\u00f3.<\/p>\n\n\n\n<p class=\"wp-block-paragraph\">\u201cSeamos solidarios. Cuando nosotros tuvimos problemas \u2014y lo voy a repetir 20 veces y mil veces m\u00e1s\u2014, cuando nosotros en el Atl\u00e1ntico tuvimos problemas de inundaciones, tuvimos una gran solidaridad de todo el pa\u00eds. Hoy hay un departamento hermano como el Choc\u00f3 que tiene, adem\u00e1s de sus problemas de toda una vida, los graves estragos por este desastre; y, sin ninguna duda, nosotros pedimos apadrinar al Choc\u00f3 porque creo que es el que m\u00e1s lo necesita\u201d, afirm\u00f3 el gobernador Verano.<\/p>\n\n\n\n<p class=\"wp-block-paragraph\">Ventura D\u00edaz dijo sentirse emocionado por la respuesta positiva que ha dado la gente en el departamento del Atl\u00e1ntico, como territorio que apadrina a los damnificados en el Choc\u00f3.<\/p>\n\n\n\n<p class=\"wp-block-paragraph\">\u201cEso tiene un peso espec\u00edfico. Yo hoy estoy aqu\u00ed asombrado, triste por lo que est\u00e1 pasando, pero alegre porque la gente est\u00e1 colaborando. Y yo creo que esto no tiene que parar porque apenas comienza y se va a necesitar mucho esfuerzo y mucho dinero para paliar lo que pas\u00f3\u201d, puntualiz\u00f3 el exgobernador D\u00edaz Mej\u00eda.<\/p>\n\n\n\n<p class=\"wp-block-paragraph\"><\/p>\n","protected":false},"excerpt":{"rendered":"<p>El gobernador del Atl\u00e1ntico, Eduardo Verano, exalt\u00f3 lo recolectado por D\u00edaz Mej\u00eda a trav\u00e9s de su medio de comunicaci\u00f3n y su anuncio de la disposici\u00f3n para continuar motivando a los atlanticenses a seguir haciendo aportes humanitarios. El pr\u00f3ximo mi\u00e9rcoles, la administraci\u00f3n departamental continuar\u00e1 con las transmisiones en directo de distintos medios de comunicaci\u00f3n desde la&#8230;<\/p>\n","protected":false},"author":2,"featured_media":5719,"comment_status":"closed","ping_status":"","sticky":false,"template":"","format":"standard","meta":{"rs_blank_template":"","rs_page_bg_color":"","slide_template_v7":"","_kad_post_transparent":"","_kad_post_title":"","_kad_post_layout":"","_kad_post_sidebar_id":"","_kad_post_content_style":"","_kad_post_vertical_padding":"","_kad_post_feature":"","_kad_post_feature_position":"","_kad_post_header":false,"_kad_post_footer":false,"_kad_post_classname":"","footnotes":""},"categories":[54],"tags":[],"class_list":["post-5718","post","type-post","status-publish","format-standard","has-post-thumbnail","hentry","category-barranquilla"],"_links":{"self":[{"href":"https:\/\/universoradio.co\/index.php?rest_route=\/wp\/v2\/posts\/5718","targetHints":{"allow":["GET"]}}],"collection":[{"href":"https:\/\/universoradio.co\/index.php?rest_route=\/wp\/v2\/posts"}],"about":[{"href":"https:\/\/universoradio.co\/index.php?rest_route=\/wp\/v2\/types\/post"}],"author":[{"embeddable":true,"href":"https:\/\/universoradio.co\/index.php?rest_route=\/wp\/v2\/users\/2"}],"replies":[{"embeddable":true,"href":"https:\/\/universoradio.co\/index.php?rest_route=%2Fwp%2Fv2%2Fcomments&post=5718"}],"version-history":[{"count":1,"href":"https:\/\/universoradio.co\/index.php?rest_route=\/wp\/v2\/posts\/5718\/revisions"}],"predecessor-version":[{"id":5720,"href":"https:\/\/universoradio.co\/index.php?rest_route=\/wp\/v2\/posts\/5718\/revisions\/5720"}],"wp:featuredmedia":[{"embeddable":true,"href":"https:\/\/universoradio.co\/index.php?rest_route=\/wp\/v2\/media\/5719"}],"wp:attachment":[{"href":"https:\/\/universoradio.co\/index.php?rest_route=%2Fwp%2Fv2%2Fmedia&parent=5718"}],"wp:term":[{"taxonomy":"category","embeddable":true,"href":"https:\/\/universoradio.co\/index.php?rest_route=%2Fwp%2Fv2%2Fcategories&post=5718"},{"taxonomy":"post_tag","embeddable":true,"href":"https:\/\/universoradio.co\/index.php?rest_route=%2Fwp%2Fv2%2Ftags&post=5718"}],"curies":[{"name":"wp","href":"https:\/\/api.w.org\/{rel}","templated":true}]}}