{"id":5721,"date":"2026-08-16T15:42:49","date_gmt":"2026-08-16T20:42:49","guid":{"rendered":"https:\/\/universoradio.co\/?p=5721"},"modified":"2026-08-16T15:42:49","modified_gmt":"2026-08-16T20:42:49","slug":"por-solidaridad-con-colombia-circuito-pony-malta-se-vera-en-vivo-desde-barranquilla","status":"publish","type":"post","link":"https:\/\/universoradio.co\/?p=5721","title":{"rendered":"Por solidaridad con Colombia, Circuito Pony Malta se ver\u00e1 en vivo desde Barranquilla"},"content":{"rendered":"\n<ul class=\"wp-block-list\">\n<li><strong>Caracol Televisi\u00f3n y Ditu transmitir\u00e1n el encuentro que une a Montoya vs Montoya por un pa\u00eds que se levanta en solidaridad.<\/strong><\/li>\n<\/ul>\n\n\n\n<p class=\"has-drop-cap wp-block-paragraph\">La Edici\u00f3n 2026 del Circuito Pony Malta en Barranquilla sale de la pista del Gran Malec\u00f3n para la se\u00f1al nacional e internacional de Caracol para llevar a Colombia y el mundo, en un evento que une deporte, ciudad y solidaridad para seguir demostrando que un pa\u00eds de campeones se levanta unido.<\/p>\n\n\n\n<p class=\"wp-block-paragraph\">Para que ning\u00fan colombiano se pierda la acci\u00f3n, el Circuito Pony Malta contar\u00e1 con dos se\u00f1ales oficiales:<\/p>\n\n\n\n<ul class=\"wp-block-list\">\n<li>Caracol Televisi\u00f3n transmitir\u00e1 los momentos principales del evento en dos franjas. La primera va hasta 12:30 p.m. y la segunda, de 3:30 p.m. a 4:30 p.m.<\/li>\n\n\n\n<li>Ditu ofrecer\u00e1 la cobertura completa y sin interrupciones desde las 11:00 a.m. hasta las 5:00 p.m.<\/li>\n<\/ul>\n\n\n\n<p class=\"wp-block-paragraph\">\u201cUn pa\u00eds de campeones se levanta unido\u201d resume el esp\u00edritu de esta jornada en la que Barranquilla abre su pista para Colombia y demuestra que la pasi\u00f3n por el deporte tambi\u00e9n es una forma de estar con quienes m\u00e1s lo necesitan\u201d, apunt\u00f3 el alcalde Alejandro Char.<\/p>\n","protected":false},"excerpt":{"rendered":"<p>La Edici\u00f3n 2026 del Circuito Pony Malta en Barranquilla sale de la pista del Gran Malec\u00f3n para la se\u00f1al nacional e internacional de Caracol para llevar a Colombia y el mundo, en un evento que une deporte, ciudad y solidaridad para seguir demostrando que un pa\u00eds de campeones se levanta unido. Para que ning\u00fan colombiano&#8230;<\/p>\n","protected":false},"author":2,"featured_media":5722,"comment_status":"closed","ping_status":"","sticky":false,"template":"","format":"standard","meta":{"rs_blank_template":"","rs_page_bg_color":"","slide_template_v7":"","_kad_post_transparent":"","_kad_post_title":"","_kad_post_layout":"","_kad_post_sidebar_id":"","_kad_post_content_style":"","_kad_post_vertical_padding":"","_kad_post_feature":"","_kad_post_feature_position":"","_kad_post_header":false,"_kad_post_footer":false,"_kad_post_classname":"","footnotes":""},"categories":[54],"tags":[],"class_list":["post-5721","post","type-post","status-publish","format-standard","has-post-thumbnail","hentry","category-barranquilla"],"_links":{"self":[{"href":"https:\/\/universoradio.co\/index.php?rest_route=\/wp\/v2\/posts\/5721","targetHints":{"allow":["GET"]}}],"collection":[{"href":"https:\/\/universoradio.co\/index.php?rest_route=\/wp\/v2\/posts"}],"about":[{"href":"https:\/\/universoradio.co\/index.php?rest_route=\/wp\/v2\/types\/post"}],"author":[{"embeddable":true,"href":"https:\/\/universoradio.co\/index.php?rest_route=\/wp\/v2\/users\/2"}],"replies":[{"embeddable":true,"href":"https:\/\/universoradio.co\/index.php?rest_route=%2Fwp%2Fv2%2Fcomments&post=5721"}],"version-history":[{"count":1,"href":"https:\/\/universoradio.co\/index.php?rest_route=\/wp\/v2\/posts\/5721\/revisions"}],"predecessor-version":[{"id":5723,"href":"https:\/\/universoradio.co\/index.php?rest_route=\/wp\/v2\/posts\/5721\/revisions\/5723"}],"wp:featuredmedia":[{"embeddable":true,"href":"https:\/\/universoradio.co\/index.php?rest_route=\/wp\/v2\/media\/5722"}],"wp:attachment":[{"href":"https:\/\/universoradio.co\/index.php?rest_route=%2Fwp%2Fv2%2Fmedia&parent=5721"}],"wp:term":[{"taxonomy":"category","embeddable":true,"href":"https:\/\/universoradio.co\/index.php?rest_route=%2Fwp%2Fv2%2Fcategories&post=5721"},{"taxonomy":"post_tag","embeddable":true,"href":"https:\/\/universoradio.co\/index.php?rest_route=%2Fwp%2Fv2%2Ftags&post=5721"}],"curies":[{"name":"wp","href":"https:\/\/api.w.org\/{rel}","templated":true}]}}