{"id":5724,"date":"2026-08-16T15:48:05","date_gmt":"2026-08-16T20:48:05","guid":{"rendered":"https:\/\/universoradio.co\/?p=5724"},"modified":"2026-08-16T15:48:05","modified_gmt":"2026-08-16T20:48:05","slug":"cierre-dorado-este-lunes-festivo-de-la-ii-copa-talento-barranquilla-de-boxeo-en-polideportivo-de-la-magdalena","status":"publish","type":"post","link":"https:\/\/universoradio.co\/?p=5724","title":{"rendered":"Cierre dorado este lunes festivo de la II Copa Talento Barranquilla de Boxeo en Polideportivo de La Magdalena"},"content":{"rendered":"\n<p class=\"wp-block-paragraph\"><strong>*Jornada rinde homenaje a v\u00edctimas y damnificados del terremoto<br><\/strong>Transmisi\u00f3n, desde las 10 a.m., en directo por Telecaribe<br>*Juan de Acosta, en Infantil; Sport Friends de Malambo, en Junior; Hermanos Pinz\u00f3n, en Femenino, primeros campeones<\/p>\n\n\n\n<p class=\"wp-block-paragraph\">Barranquilla<br>Con 14 combates la II Copa Talento Barranquilla de Boxeo Ol\u00edmpico llega a su fin este lunes festivo, en el Polideportivo de La Magdalena.<\/p>\n\n\n\n<p class=\"wp-block-paragraph\">La \u00faltima jornada del certamen, que cuenta con el respaldo de la Alcald\u00eda Distrital de Barranquilla, tendr\u00e1 transmisi\u00f3n en vivo por el canal regional Telecaribe, a partir de las 10:00 de la ma\u00f1ana.<\/p>\n\n\n\n<p class=\"wp-block-paragraph\">El cierre del torneo rendir\u00e1 homenaje a las v\u00edctimas y damnificados que dej\u00f3 el terremoto que, el pasado lunes, afect\u00f3 a gran parte del pa\u00eds.<\/p>\n\n\n\n<p class=\"wp-block-paragraph\">Ya hay campeones<\/p>\n\n\n\n<p class=\"wp-block-paragraph\">La primera jornada de finales de la II Copa Talento Barranquilla dej\u00f3 a 3 equipos campeones y a una figura indiscutible, el peque\u00f1o Esteban Manzanero.<\/p>\n\n\n\n<p class=\"wp-block-paragraph\">Juan de Acosta se consagr\u00f3 campe\u00f3n de la categor\u00eda infantil, Sport Friends de Malambo conquist\u00f3 el t\u00edtulo en junior y Hermanos Pinz\u00f3n asegur\u00f3, de manera anticipada, el campeonato femenino, cuando a\u00fan restan dos combates de esta rama por disputarse el pr\u00f3ximo lunes, resultado que ya no altera el primer lugar de la clasificaci\u00f3n.<\/p>\n\n\n\n<p class=\"wp-block-paragraph\">Manzanero, un pegador con futuro<\/p>\n\n\n\n<p class=\"wp-block-paragraph\">De 14 a\u00f1os, Esteban Manzanero, representante de Juan de Acosta, ratific\u00f3 las condiciones que viene mostrando desde la edici\u00f3n anterior del torneo.<\/p>\n\n\n\n<p class=\"wp-block-paragraph\">El joven pugilista conquist\u00f3 el t\u00edtulo de los 36 kilogramos al derrotar, en un gran combate y por decisi\u00f3n dividida (2-1), a Antuan Ochoa, del club Campe\u00f3n, completando tres victorias durante el campeonato, desempe\u00f1o que le permiti\u00f3 ser distinguido como el Boxeador M\u00e1s T\u00e9cnico de la categor\u00eda infantil, gracias a su versatilidad, inteligencia en el cuadril\u00e1tero y a la manera como conduce, golpe a golpe, cada pelea.<\/p>\n\n\n\n<p class=\"wp-block-paragraph\">En la primera edici\u00f3n de la Copa Talento Barranquilla, Esteban, que aunque perdi\u00f3 por decisi\u00f3n un\u00e1nime frente a Dylan Barrios, del club Fidel Bassa, ya dejaba ver su determinaci\u00f3n encima del ring, la misma que hoy lo llev\u00f3 a colgarse la medalla de oro.<\/p>\n\n\n\n<p class=\"wp-block-paragraph\">Dur\u00e1n, otro destacado<\/p>\n\n\n\n<p class=\"wp-block-paragraph\">En la categor\u00eda junior, el reconocimiento al Boxeador M\u00e1s T\u00e9cnico fue para Luis Dur\u00e1n, de Palenquero Torres de Galapa, quien se impuso por decisi\u00f3n dividida (2-1) sobre Erick Guti\u00e9rrez, de \u00c1ngel Priolo, en una de las finales m\u00e1s disputadas de la cartelera.<\/p>\n\n\n\n<p class=\"wp-block-paragraph\">Su majestad el nocaut<\/p>\n\n\n\n<p class=\"wp-block-paragraph\">La programaci\u00f3n tambi\u00e9n estuvo marcada por dos contundentes nocauts. En la categor\u00eda junior, 50 kilogramos, Juan Villalobos, de La Playa, necesit\u00f3 apenas un asalto para derrotar a Over Paternina del club Campe\u00f3n, tras conectar un potente golpe a la zona media que dej\u00f3 sin respuesta a su rival.<\/p>\n\n\n\n<p class=\"wp-block-paragraph\">M\u00e1s adelante, Jazel Navarro, de \u00c1ngel Priolo, protagoniz\u00f3 el segundo KO de la tarde al conectar un preciso derechazo al ment\u00f3n de Juan Hereida, de Hermanos Pinz\u00f3n, para adjudicarse el t\u00edtulo de los 80 kilogramos de la categor\u00eda \u00e9lite veteranos.<\/p>\n\n\n\n<p class=\"wp-block-paragraph\">Entre los nuevos campeones tambi\u00e9n aparecen: Femenino: 54 kilos, Shaday Gonz\u00e1lez (Hermanos Pinz\u00f3n); 67 kilogramos, Edenelis V\u00e1squez (F\u00e9nix Boxing, de Bol\u00edvar); 62 kilos, Sarit Tinoco (\u00c1ngel Priolo)<\/p>\n\n\n\n<p class=\"wp-block-paragraph\">Junior, 48 kilogramos, Pablo Castillo (Santa Luc\u00eda); 54 kg veteranos, Iv\u00e1n Barrios (F\u00e9nix Boxing, de Bol\u00edvar); 60 kg veteranos, Bayron Id\u00e1rraga (F\u00e9nix Boxing, de Bol\u00edvar); 60 kilos novatos, Mateo P\u00e1ez (Sport Friends de Malambo); 52 kilogramos, Andr\u00e9s Morales (Hermanos Pinz\u00f3n); 57 kg, Hazer Monta\u00f1o (\u00c1ngel Priolo) y en los 54 kilos novatos, Camilo Bautista (\u00c1ngel Priolo).<\/p>\n\n\n\n<p class=\"wp-block-paragraph\">Infantil: 41 kilogramos, Jianpier \u00c1lvarez (\u00c1ngel Priolo).<\/p>\n\n\n\n<p class=\"wp-block-paragraph\">\u00c9lite veteranos: 85kg, Jos\u00e9 Barrios (\u00c9ner Julio).<\/p>\n\n\n\n<p class=\"wp-block-paragraph\">Con la jornada se este lunes festivo, la II Copa Talento Barranquilla de Boxeo Ol\u00edmpico se despide, luego de 10 d\u00edas de intensa actividad en el ring del Polideportivo de La Magdalena en donde se evidencia que el deporte de las narices chatas est\u00e1 m\u00e1s vivo que nunca en Barranquilla y el Atl\u00e1ntico.<\/p>\n","protected":false},"excerpt":{"rendered":"<p>*Jornada rinde homenaje a v\u00edctimas y damnificados del terremotoTransmisi\u00f3n, desde las 10 a.m., en directo por Telecaribe*Juan de Acosta, en Infantil; Sport Friends de Malambo, en Junior; Hermanos Pinz\u00f3n, en Femenino, primeros campeones BarranquillaCon 14 combates la II Copa Talento Barranquilla de Boxeo Ol\u00edmpico llega a su fin este lunes festivo, en el Polideportivo de&#8230;<\/p>\n","protected":false},"author":2,"featured_media":5725,"comment_status":"closed","ping_status":"","sticky":false,"template":"","format":"standard","meta":{"rs_blank_template":"","rs_page_bg_color":"","slide_template_v7":"","_kad_post_transparent":"","_kad_post_title":"","_kad_post_layout":"","_kad_post_sidebar_id":"","_kad_post_content_style":"","_kad_post_vertical_padding":"","_kad_post_feature":"","_kad_post_feature_position":"","_kad_post_header":false,"_kad_post_footer":false,"_kad_post_classname":"","footnotes":""},"categories":[55],"tags":[],"class_list":["post-5724","post","type-post","status-publish","format-standard","has-post-thumbnail","hentry","category-deportes"],"_links":{"self":[{"href":"https:\/\/universoradio.co\/index.php?rest_route=\/wp\/v2\/posts\/5724","targetHints":{"allow":["GET"]}}],"collection":[{"href":"https:\/\/universoradio.co\/index.php?rest_route=\/wp\/v2\/posts"}],"about":[{"href":"https:\/\/universoradio.co\/index.php?rest_route=\/wp\/v2\/types\/post"}],"author":[{"embeddable":true,"href":"https:\/\/universoradio.co\/index.php?rest_route=\/wp\/v2\/users\/2"}],"replies":[{"embeddable":true,"href":"https:\/\/universoradio.co\/index.php?rest_route=%2Fwp%2Fv2%2Fcomments&post=5724"}],"version-history":[{"count":1,"href":"https:\/\/universoradio.co\/index.php?rest_route=\/wp\/v2\/posts\/5724\/revisions"}],"predecessor-version":[{"id":5726,"href":"https:\/\/universoradio.co\/index.php?rest_route=\/wp\/v2\/posts\/5724\/revisions\/5726"}],"wp:featuredmedia":[{"embeddable":true,"href":"https:\/\/universoradio.co\/index.php?rest_route=\/wp\/v2\/media\/5725"}],"wp:attachment":[{"href":"https:\/\/universoradio.co\/index.php?rest_route=%2Fwp%2Fv2%2Fmedia&parent=5724"}],"wp:term":[{"taxonomy":"category","embeddable":true,"href":"https:\/\/universoradio.co\/index.php?rest_route=%2Fwp%2Fv2%2Fcategories&post=5724"},{"taxonomy":"post_tag","embeddable":true,"href":"https:\/\/universoradio.co\/index.php?rest_route=%2Fwp%2Fv2%2Ftags&post=5724"}],"curies":[{"name":"wp","href":"https:\/\/api.w.org\/{rel}","templated":true}]}}