{"id":5735,"date":"2026-08-18T17:03:00","date_gmt":"2026-08-18T22:03:00","guid":{"rendered":"https:\/\/universoradio.co\/?p=5735"},"modified":"2026-08-18T17:03:00","modified_gmt":"2026-08-18T22:03:00","slug":"atlanticenses-siguen-dando-ejemplo-de-solidaridad-con-afectados-por-el-terremoto-80-toneladas-de-ayudas-se-enviaron-a-choco","status":"publish","type":"post","link":"https:\/\/universoradio.co\/?p=5735","title":{"rendered":"Atlanticenses siguen dando ejemplo de solidaridad con afectados por el terremoto: 80 toneladas de ayudas se enviaron a Choc\u00f3"},"content":{"rendered":"\n<p class=\"wp-block-paragraph\"><strong>La Galer\u00eda de la Plaza de la Paz es el centro de acopio, en un horario que va de 8:00 a. m. a 8:00 p. m.<\/strong><\/p>\n\n\n\n<p class=\"has-drop-cap wp-block-paragraph\">La administraci\u00f3n departamental que lidera el gobernador Eduardo Verano, fiel a sus principios de solidaridad, mantiene el llamado a los atlanticenses a no bajar la guardia y seguir aportando los elementos que necesitan los damnificados por el terremoto del pasado 10 de agosto, de manera especial en el departamento del Choc\u00f3.<\/p>\n\n\n\n<p class=\"wp-block-paragraph\">El mandatario destac\u00f3 que, al corte de hoy martes 18 de agosto, ya han sido enviadas 80 toneladas y la meta es lograr mucho m\u00e1s hasta tener la certeza de que \u201clos hermanos chocoanos est\u00e1n bien\u201d.<\/p>\n\n\n\n<p class=\"wp-block-paragraph\">Verano explic\u00f3 que la log\u00edstica ha sido coordinada de tal manera que ayer lunes festivo fueron despachadas cuatro tractomulas cargadas con los productos recolectados y hoy, en coordinaci\u00f3n con las Fuerzas Militares, se sum\u00f3 el env\u00edo en un avi\u00f3n H\u00e9rcules.<\/p>\n\n\n\n<p class=\"wp-block-paragraph\">\u201cLa Gobernaci\u00f3n ha centralizado la recolecci\u00f3n en la Galer\u00eda de la Plaza de la Paz, espacio que permanecer\u00e1 abierto al menos 10 d\u00edas m\u00e1s para recibir donaciones, con el fin de evitar la dispersi\u00f3n y garantizar un proceso ordenado de acopio y env\u00edo\u201d, destac\u00f3 el mandatario.<\/p>\n\n\n\n<p class=\"wp-block-paragraph\">El horario dispuesto para la recepci\u00f3n de aportes en alimentos no perecederos, elementos de aseo, agua tratada, medicamentos, colchonetas, frazadas, ropa en buen estado, entre otros, es de 8:00 a. m. a 8:00 p. m.<\/p>\n\n\n\n<p class=\"wp-block-paragraph\">Verano explic\u00f3 que, en coordinaci\u00f3n con la Federaci\u00f3n Nacional de Departamentos, se determin\u00f3 que Atl\u00e1ntico se concentre en apoyar directamente al Choc\u00f3, mientras otras regiones se encargan de la zona cafetera y del Valle del Cauca. De esta forma se busca que la ayuda llegue de manera focalizada y eficiente, respondiendo a las necesidades m\u00e1s urgentes de las comunidades afectadas.<\/p>\n\n\n\n<p class=\"wp-block-paragraph\">\u201cLa gente en el Atl\u00e1ntico ha sido especialmente generosa y esto se refleja en la magnitud de las toneladas enviadas y en la disposici\u00f3n de continuar aportando. El compromiso no se limita a la emergencia inmediata, pues la Gobernaci\u00f3n ya piensa en la etapa de reconstrucci\u00f3n, consciente de que el reto ser\u00e1 prolongado y requerir\u00e1 constancia\u201d, subray\u00f3 el gobernador en agradecimiento a la respuesta de los atlanticenses.<\/p>\n\n\n\n<p class=\"wp-block-paragraph\">Insisti\u00f3 en que la solidaridad del Atl\u00e1ntico es un mensaje de uni\u00f3n nacional. \u201cLa Plaza de la Paz se ha convertido en un s\u00edmbolo de organizaci\u00f3n y compromiso colectivo, donde cada donaci\u00f3n representa un gesto de fraternidad hacia quienes lo han perdido todo. La log\u00edstica a\u00e9rea y terrestre demuestra la capacidad de respuesta institucional y la voluntad de superar obst\u00e1culos para que la ayuda llegue a tiempo\u201d, concluy\u00f3.<\/p>\n","protected":false},"excerpt":{"rendered":"<p>La Galer\u00eda de la Plaza de la Paz es el centro de acopio, en un horario que va de 8:00 a. m. a 8:00 p. m. La administraci\u00f3n departamental que lidera el gobernador Eduardo Verano, fiel a sus principios de solidaridad, mantiene el llamado a los atlanticenses a no bajar la guardia y seguir aportando&#8230;<\/p>\n","protected":false},"author":2,"featured_media":5736,"comment_status":"closed","ping_status":"","sticky":false,"template":"","format":"standard","meta":{"rs_blank_template":"","rs_page_bg_color":"","slide_template_v7":"","_kad_post_transparent":"","_kad_post_title":"","_kad_post_layout":"","_kad_post_sidebar_id":"","_kad_post_content_style":"","_kad_post_vertical_padding":"","_kad_post_feature":"","_kad_post_feature_position":"","_kad_post_header":false,"_kad_post_footer":false,"_kad_post_classname":"","footnotes":""},"categories":[50],"tags":[],"class_list":["post-5735","post","type-post","status-publish","format-standard","has-post-thumbnail","hentry","category-generales"],"_links":{"self":[{"href":"https:\/\/universoradio.co\/index.php?rest_route=\/wp\/v2\/posts\/5735","targetHints":{"allow":["GET"]}}],"collection":[{"href":"https:\/\/universoradio.co\/index.php?rest_route=\/wp\/v2\/posts"}],"about":[{"href":"https:\/\/universoradio.co\/index.php?rest_route=\/wp\/v2\/types\/post"}],"author":[{"embeddable":true,"href":"https:\/\/universoradio.co\/index.php?rest_route=\/wp\/v2\/users\/2"}],"replies":[{"embeddable":true,"href":"https:\/\/universoradio.co\/index.php?rest_route=%2Fwp%2Fv2%2Fcomments&post=5735"}],"version-history":[{"count":1,"href":"https:\/\/universoradio.co\/index.php?rest_route=\/wp\/v2\/posts\/5735\/revisions"}],"predecessor-version":[{"id":5737,"href":"https:\/\/universoradio.co\/index.php?rest_route=\/wp\/v2\/posts\/5735\/revisions\/5737"}],"wp:featuredmedia":[{"embeddable":true,"href":"https:\/\/universoradio.co\/index.php?rest_route=\/wp\/v2\/media\/5736"}],"wp:attachment":[{"href":"https:\/\/universoradio.co\/index.php?rest_route=%2Fwp%2Fv2%2Fmedia&parent=5735"}],"wp:term":[{"taxonomy":"category","embeddable":true,"href":"https:\/\/universoradio.co\/index.php?rest_route=%2Fwp%2Fv2%2Fcategories&post=5735"},{"taxonomy":"post_tag","embeddable":true,"href":"https:\/\/universoradio.co\/index.php?rest_route=%2Fwp%2Fv2%2Ftags&post=5735"}],"curies":[{"name":"wp","href":"https:\/\/api.w.org\/{rel}","templated":true}]}}