{"id":5738,"date":"2026-08-18T17:50:00","date_gmt":"2026-08-18T22:50:00","guid":{"rendered":"https:\/\/universoradio.co\/?p=5738"},"modified":"2026-08-18T17:50:00","modified_gmt":"2026-08-18T22:50:00","slug":"soledad-fortalece-su-politica-de-atencion-a-victimas-y-consolida-avances-en-el-ii-comite-de-justicia-transicional","status":"publish","type":"post","link":"https:\/\/universoradio.co\/?p=5738","title":{"rendered":"Soledad fortalece su pol\u00edtica de atenci\u00f3n a v\u00edctimas y consolida avances en el II Comit\u00e9 de Justicia Transicional"},"content":{"rendered":"\n<p class=\"has-drop-cap wp-block-paragraph\">La Alcald\u00eda de Soledad realiz\u00f3 el Segundo Comit\u00e9 de Justicia Transicional de 2026, espacio en el que fueron evaluados los avances de la pol\u00edtica p\u00fablica de atenci\u00f3n, asistencia y reparaci\u00f3n integral a las v\u00edctimas del conflicto armado y definidos los compromisos institucionales para lo que resta del a\u00f1o.<\/p>\n\n\n\n<p class=\"wp-block-paragraph\">El municipio recibi\u00f3, por tercer a\u00f1o consecutivo, un reconocimiento del Ministerio del Interior y de la Unidad para las V\u00edctimas por su gesti\u00f3n en la implementaci\u00f3n de la pol\u00edtica p\u00fablica dirigida a esta poblaci\u00f3n.<\/p>\n\n\n\n<p class=\"wp-block-paragraph\">Durante el Comit\u00e9 se revisaron los avances alcanzados por las diferentes dependencias de la Administraci\u00f3n Municipal, se identificaron necesidades y se actualizaron las acciones que deber\u00e1n desarrollarse durante el segundo semestre de 2026. Entre las prioridades se encuentran el fortalecimiento de los planes de prevenci\u00f3n y protecci\u00f3n para salvaguardar la integridad de las v\u00edctimas y l\u00edderes sociales; la garant\u00eda del principio de seguridad en los procesos de retorno, reubicaci\u00f3n e integraci\u00f3n local; la promoci\u00f3n de los derechos humanos y la implementaci\u00f3n de medidas de satisfacci\u00f3n.<\/p>\n\n\n\n<p class=\"wp-block-paragraph\">Asimismo, se ratific\u00f3 el respaldo institucional a la Mesa Municipal de Participaci\u00f3n Efectiva de V\u00edctimas, incluido el acompa\u00f1amiento log\u00edstico a sus procesos democr\u00e1ticos, as\u00ed como la actualizaci\u00f3n de los sistemas de informaci\u00f3n mediante la caracterizaci\u00f3n de la poblaci\u00f3n v\u00edctima residente en el municipio.<\/p>\n\n\n\n<p class=\"wp-block-paragraph\">El encuentro fue presidido por la alcaldesa Alcira Sandoval Ib\u00e1\u00f1ez y cont\u00f3 con la participaci\u00f3n de representantes de la Unidad para las V\u00edctimas, la Personer\u00eda Municipal, la Procuradur\u00eda, la Defensor\u00eda del Pueblo, la Mesa Municipal de Participaci\u00f3n Efectiva de V\u00edctimas y dem\u00e1s entidades que integran el Sistema Nacional de Atenci\u00f3n y Reparaci\u00f3n Integral a las V\u00edctimas (SNARIV). Tambi\u00e9n participaron las secretar\u00edas de Gobierno, Salud, Educaci\u00f3n, Competitividad y Deporte.<\/p>\n\n\n\n<p class=\"wp-block-paragraph\">M\u00e1s de 32 mil atenciones y avances en diferentes frentes<\/p>\n\n\n\n<p class=\"wp-block-paragraph\">Entre los principales resultados presentados durante el Comit\u00e9 se destacan 32.197 atenciones presenciales realizadas hasta julio en el Centro Regional de Atenci\u00f3n a V\u00edctimas (CRAV).<\/p>\n\n\n\n<p class=\"wp-block-paragraph\">En materia de vivienda, 535 personas fueron atendidas durante jornadas de orientaci\u00f3n y acompa\u00f1amiento. Adem\u00e1s, se registr\u00f3 la llegada al municipio de 105 familias, equivalentes a 315 personas, provenientes de diferentes lugares de origen a causa del desplazamiento.<\/p>\n\n\n\n<p class=\"wp-block-paragraph\">En el componente jur\u00eddico, se han atendido m\u00e1s de 850 procesos relacionados con v\u00edctimas del conflicto armado. En educaci\u00f3n, m\u00e1s de 260 j\u00f3venes participaron en tres jornadas educativas, mientras que m\u00e1s de 400 personas fueron vinculadas a oportunidades laborales.<\/p>\n\n\n\n<p class=\"wp-block-paragraph\">Como parte de las acciones sociales y comunitarias, 2.000 familias fueron beneficiadas a trav\u00e9s de 50 ollas comunitarias y 300 familias recibieron desayunos en el marco de la estrategia Desayunos por la Paz.<\/p>\n\n\n\n<p class=\"wp-block-paragraph\">En el componente de integraci\u00f3n y construcci\u00f3n de paz se realizaron cuatro Cines por la Paz, que beneficiaron a m\u00e1s de 450 ni\u00f1os y ni\u00f1as; se entregaron 900 uniformes a 40 equipos deportivos mediante la estrategia Goles por la Paz, y 60 ni\u00f1os fortalecieron sus habilidades deportivas a trav\u00e9s de la estrategia B\u00e9isbol por la Paz. A estas acciones se suma el acompa\u00f1amiento en los programas de atenci\u00f3n psicosocial dirigidos a la poblaci\u00f3n v\u00edctima.<\/p>\n\n\n\n<p class=\"wp-block-paragraph\">Nuevas acciones para fortalecer la atenci\u00f3n<\/p>\n\n\n\n<p class=\"wp-block-paragraph\">Orlando Montiel, coordinador de la Oficina de V\u00edctimas, destac\u00f3 los principales compromisos definidos durante la jornada.<br>\u201cCulminamos con \u00e9xito este segundo Comit\u00e9, respaldado por avances concretos como la actualizaci\u00f3n del Plan de Prevenci\u00f3n y Protecci\u00f3n para l\u00edderes sociales y la aprobaci\u00f3n del principio de seguridad para los retornos en Ciudad Para\u00edso y Nueva Esperanza\u201d, indic\u00f3 el funcionario anunciando, adem\u00e1s, el inicio de una caracterizaci\u00f3n hist\u00f3rica con enfoque de derechos e indicadores sociales, que permitir\u00e1 establecer con mayor precisi\u00f3n cu\u00e1ntas v\u00edctimas del conflicto armado residen actualmente en Soledad y cu\u00e1les son sus principales necesidades.<\/p>\n\n\n\n<p class=\"wp-block-paragraph\">\u201cEsta informaci\u00f3n nos permitir\u00e1 estructurar proyectos estrat\u00e9gicos para gestionar recursos ante el Gobierno Nacional y la cooperaci\u00f3n internacional, mientras avanzamos de la mano con la Mesa de V\u00edctimas en prioridades fundamentales como la educaci\u00f3n, la salud mental y la prevenci\u00f3n del consumo de sustancias psicoactivas\u201d, agreg\u00f3 Montiel.<\/p>\n\n\n\n<p class=\"wp-block-paragraph\">Por su parte, Lacides Pab\u00f3n, representante de la Mesa Municipal de V\u00edctimas, reconoci\u00f3 la gesti\u00f3n de la Administraci\u00f3n Municipal y el acompa\u00f1amiento brindado a la poblaci\u00f3n v\u00edctima, especialmente en materia de auxilios econ\u00f3micos y transporte.<\/p>\n\n\n\n<p class=\"wp-block-paragraph\">Pab\u00f3n se\u00f1al\u00f3 que, aunque existen procesos que requieren tiempo para consolidarse, una de las principales aspiraciones de la comunidad v\u00edctima contin\u00faa siendo la gesti\u00f3n de una universidad para Soledad, iniciativa que, de concretarse, representar\u00eda un logro hist\u00f3rico para el municipio y responder\u00eda a una de las principales reivindicaciones de esta poblaci\u00f3n.<\/p>\n\n\n\n<p class=\"wp-block-paragraph\">Con los compromisos definidos durante este Segundo Comit\u00e9 de Justicia Transicional, Soledad fortalece una respuesta institucional que articula prevenci\u00f3n, protecci\u00f3n, atenci\u00f3n social, salud, educaci\u00f3n, generaci\u00f3n de oportunidades y participaci\u00f3n efectiva. El prop\u00f3sito es garantizar que cada acci\u00f3n dirigida a las v\u00edctimas cuente con seguimiento, articulaci\u00f3n institucional y gesti\u00f3n de recursos, para traducirse en mayores garant\u00edas y oportunidades para quienes han sido afectados por el conflicto armado.<\/p>\n","protected":false},"excerpt":{"rendered":"<p>La Alcald\u00eda de Soledad realiz\u00f3 el Segundo Comit\u00e9 de Justicia Transicional de 2026, espacio en el que fueron evaluados los avances de la pol\u00edtica p\u00fablica de atenci\u00f3n, asistencia y reparaci\u00f3n integral a las v\u00edctimas del conflicto armado y definidos los compromisos institucionales para lo que resta del a\u00f1o. El municipio recibi\u00f3, por tercer a\u00f1o consecutivo,&#8230;<\/p>\n","protected":false},"author":2,"featured_media":5739,"comment_status":"closed","ping_status":"","sticky":false,"template":"","format":"standard","meta":{"rs_blank_template":"","rs_page_bg_color":"","slide_template_v7":"","_kad_post_transparent":"","_kad_post_title":"","_kad_post_layout":"","_kad_post_sidebar_id":"","_kad_post_content_style":"","_kad_post_vertical_padding":"","_kad_post_feature":"","_kad_post_feature_position":"","_kad_post_header":false,"_kad_post_footer":false,"_kad_post_classname":"","footnotes":""},"categories":[50],"tags":[],"class_list":["post-5738","post","type-post","status-publish","format-standard","has-post-thumbnail","hentry","category-generales"],"_links":{"self":[{"href":"https:\/\/universoradio.co\/index.php?rest_route=\/wp\/v2\/posts\/5738","targetHints":{"allow":["GET"]}}],"collection":[{"href":"https:\/\/universoradio.co\/index.php?rest_route=\/wp\/v2\/posts"}],"about":[{"href":"https:\/\/universoradio.co\/index.php?rest_route=\/wp\/v2\/types\/post"}],"author":[{"embeddable":true,"href":"https:\/\/universoradio.co\/index.php?rest_route=\/wp\/v2\/users\/2"}],"replies":[{"embeddable":true,"href":"https:\/\/universoradio.co\/index.php?rest_route=%2Fwp%2Fv2%2Fcomments&post=5738"}],"version-history":[{"count":1,"href":"https:\/\/universoradio.co\/index.php?rest_route=\/wp\/v2\/posts\/5738\/revisions"}],"predecessor-version":[{"id":5740,"href":"https:\/\/universoradio.co\/index.php?rest_route=\/wp\/v2\/posts\/5738\/revisions\/5740"}],"wp:featuredmedia":[{"embeddable":true,"href":"https:\/\/universoradio.co\/index.php?rest_route=\/wp\/v2\/media\/5739"}],"wp:attachment":[{"href":"https:\/\/universoradio.co\/index.php?rest_route=%2Fwp%2Fv2%2Fmedia&parent=5738"}],"wp:term":[{"taxonomy":"category","embeddable":true,"href":"https:\/\/universoradio.co\/index.php?rest_route=%2Fwp%2Fv2%2Fcategories&post=5738"},{"taxonomy":"post_tag","embeddable":true,"href":"https:\/\/universoradio.co\/index.php?rest_route=%2Fwp%2Fv2%2Ftags&post=5738"}],"curies":[{"name":"wp","href":"https:\/\/api.w.org\/{rel}","templated":true}]}}