{"id":5741,"date":"2026-08-18T18:01:41","date_gmt":"2026-08-18T23:01:41","guid":{"rendered":"https:\/\/universoradio.co\/?p=5741"},"modified":"2026-08-18T18:01:41","modified_gmt":"2026-08-18T23:01:41","slug":"transmetro-anuncia-interoperabilidad-con-la-empresa-embusa","status":"publish","type":"post","link":"https:\/\/universoradio.co\/?p=5741","title":{"rendered":"Transmetro anuncia interoperabilidad con la empresa Embusa\u00a0"},"content":{"rendered":"\n<p class=\"wp-block-paragraph\"><strong><em>La medida comenzar\u00e1 a operar el mi\u00e9rcoles 19 de agosto con la ruta B9 de\u00a0Embusa.<\/em>\u00a0<\/strong>\u00a0<br><\/p>\n\n\n\n<p class=\"has-drop-cap wp-block-paragraph\">A partir del mi\u00e9rcoles 19 de agosto, los usuarios que se movilizan por el sector de la carrera 8 tendr\u00e1n una nueva alternativa para conectarse con\u00a0Transmetro. La ruta B9 de la empresa\u00a0Embusa\u00a0se integrar\u00e1 con el Sistema en la estaci\u00f3n La Ocho, ubicada sobre la Troncal Murillo.\u00a0<br><br>Con esta medida, los pasajeros podr\u00e1n utilizar la ruta B9 para llegar hasta la estaci\u00f3n La Ocho y continuar su viaje en\u00a0Transmetro. De igual manera, quienes lleguen a la estaci\u00f3n en los servicios del Sistema podr\u00e1n hacer transbordo a la B9 para movilizarse por los sectores atendidos por esta ruta.\u00a0<br><br>La ruta alimentadora A1-2 Carrera Ocho de\u00a0Transmetro\u00a0continuar\u00e1 operando de manera habitual.\u00a0<br><br><strong>Puntos de conexi\u00f3n y valor del transbordo\u00a0\u00a0\u00a0\u00a0<\/strong>\u00a0<br>Los usuarios podr\u00e1n ingresar y realizar los transbordos utilizando la\u00a0Tarjeta\u00a0Transmetro\u00a0o la tarjeta SIBUS, previamente recargada.<br>\u00a0<br>Para quienes utilicen la ruta B9 de\u00a0Embusa\u00a0en el tramo de la carrera 8 comprendido entre la calle 30 y el SAO de La Macarena, que corresponde al recorrido de la ruta A1-2 Carrera Ocho, el transbordo con\u00a0Transmetro\u00a0en la estaci\u00f3n La Ocho\u00a0no tendr\u00e1 costo adicional.\u00a0<br><br>Esto significa que el usuario pagar\u00e1 \u00fanicamente la tarifa vigente del Sistema:\u00a0$3.700 en d\u00eda h\u00e1bil o $3.800 los domingos y festivos, seg\u00fan corresponda.\u00a0<br><br><em><strong>\u00bfCu\u00e1ndo se paga un valor adicional?<\/strong>\u00a0<\/em><br>Los usuarios que tomen la ruta B9\u00a0por fuera del tramo comprendido entre la calle 30 y el SAO de La Macarena\u00a0pagar\u00e1n inicialmente la tarifa habitual de $3.700 en d\u00eda h\u00e1bil o $3.800 los domingos y festivos.\u00a0<br><br>Al llegar a la estaci\u00f3n La Ocho y realizar el transbordo a\u00a0Transmetro, se cobrar\u00e1 un valor adicional de\u00a0$1.800, correspondiente a la tarifa autorizada por el \u00c1rea Metropolitana de Barranquilla para la integraci\u00f3n con rutas del Transporte P\u00fablico Colectivo.\u00a0<br><br>Este cobro aplica para quienes:\u00a0<\/p>\n\n\n\n<ul class=\"wp-block-list\">\n<li>Tomen la B9 antes de la calle 30, en sentido sur\u2013norte, y conecten con\u00a0Transmetro\u00a0en la estaci\u00f3n La Ocho.\u00a0<\/li>\n\n\n\n<li>Tomen la B9 antes del SAO de La Macarena, en sentido norte\u2013sur, y se dirijan a la estaci\u00f3n La Ocho para hacer conexi\u00f3n con\u00a0Transmetro.\u00a0<\/li>\n<\/ul>\n\n\n\n<p class=\"wp-block-paragraph\"><strong>Canales de atenci\u00f3n<\/strong>\u00a0<br>Para peticiones, quejas, reclamos o sugerencias relacionadas con la operaci\u00f3n de la ruta B9 de\u00a0Embusa, los usuarios podr\u00e1n comunicarse con el \u00c1rea Metropolitana de Barranquilla a trav\u00e9s del correo\u00a0<a href=\"mailto:infosibus@ambq.gov.co\" target=\"_blank\" rel=\"noreferrer noopener\">infosibus@ambq.gov.co<\/a>.\u00a0<br><br>En caso de presentarse inconvenientes relacionados con el cobro de la tarifa dentro del Sistema\u00a0Transmetro, est\u00e1n disponibles la l\u00ednea de atenci\u00f3n\u00a0320 635 9257\u00a0y el correo electr\u00f3nico\u00a0<a href=\"mailto:atencionalcliente@transmetro.gov.co\" target=\"_blank\" rel=\"noreferrer noopener\">atencionalcliente@transmetro.gov.co<\/a>.\u00a0<\/p>\n","protected":false},"excerpt":{"rendered":"<p>La medida comenzar\u00e1 a operar el mi\u00e9rcoles 19 de agosto con la ruta B9 de\u00a0Embusa.\u00a0\u00a0 A partir del mi\u00e9rcoles 19 de agosto, los usuarios que se movilizan por el sector de la carrera 8 tendr\u00e1n una nueva alternativa para conectarse con\u00a0Transmetro. La ruta B9 de la empresa\u00a0Embusa\u00a0se integrar\u00e1 con el Sistema en la estaci\u00f3n La&#8230;<\/p>\n","protected":false},"author":2,"featured_media":5742,"comment_status":"closed","ping_status":"","sticky":false,"template":"","format":"standard","meta":{"rs_blank_template":"","rs_page_bg_color":"","slide_template_v7":"","_kad_post_transparent":"","_kad_post_title":"","_kad_post_layout":"","_kad_post_sidebar_id":"","_kad_post_content_style":"","_kad_post_vertical_padding":"","_kad_post_feature":"","_kad_post_feature_position":"","_kad_post_header":false,"_kad_post_footer":false,"_kad_post_classname":"","footnotes":""},"categories":[54],"tags":[],"class_list":["post-5741","post","type-post","status-publish","format-standard","has-post-thumbnail","hentry","category-barranquilla"],"_links":{"self":[{"href":"https:\/\/universoradio.co\/index.php?rest_route=\/wp\/v2\/posts\/5741","targetHints":{"allow":["GET"]}}],"collection":[{"href":"https:\/\/universoradio.co\/index.php?rest_route=\/wp\/v2\/posts"}],"about":[{"href":"https:\/\/universoradio.co\/index.php?rest_route=\/wp\/v2\/types\/post"}],"author":[{"embeddable":true,"href":"https:\/\/universoradio.co\/index.php?rest_route=\/wp\/v2\/users\/2"}],"replies":[{"embeddable":true,"href":"https:\/\/universoradio.co\/index.php?rest_route=%2Fwp%2Fv2%2Fcomments&post=5741"}],"version-history":[{"count":1,"href":"https:\/\/universoradio.co\/index.php?rest_route=\/wp\/v2\/posts\/5741\/revisions"}],"predecessor-version":[{"id":5743,"href":"https:\/\/universoradio.co\/index.php?rest_route=\/wp\/v2\/posts\/5741\/revisions\/5743"}],"wp:featuredmedia":[{"embeddable":true,"href":"https:\/\/universoradio.co\/index.php?rest_route=\/wp\/v2\/media\/5742"}],"wp:attachment":[{"href":"https:\/\/universoradio.co\/index.php?rest_route=%2Fwp%2Fv2%2Fmedia&parent=5741"}],"wp:term":[{"taxonomy":"category","embeddable":true,"href":"https:\/\/universoradio.co\/index.php?rest_route=%2Fwp%2Fv2%2Fcategories&post=5741"},{"taxonomy":"post_tag","embeddable":true,"href":"https:\/\/universoradio.co\/index.php?rest_route=%2Fwp%2Fv2%2Ftags&post=5741"}],"curies":[{"name":"wp","href":"https:\/\/api.w.org\/{rel}","templated":true}]}}