{"id":5750,"date":"2026-08-19T15:14:00","date_gmt":"2026-08-19T20:14:00","guid":{"rendered":"https:\/\/universoradio.co\/?p=5750"},"modified":"2026-08-19T09:52:23","modified_gmt":"2026-08-19T14:52:23","slug":"5750","status":"publish","type":"post","link":"https:\/\/universoradio.co\/?p=5750","title":{"rendered":"Gobierno Nacional avanza en ruta de recuperaci\u00f3n para comerciantes afectados por el sismo en Pereira"},"content":{"rendered":"\n<p class=\"wp-block-paragraph\">Gobierno Nacional avanza en ruta de recuperaci\u00f3n para comerciantes afectados por el sismo en Pereira<\/p>\n\n\n\n<p class=\"wp-block-paragraph\"><strong>El ministro de Comercio, Industria y Turismo, Mauricio G\u00f3mez Am\u00edn, recorri\u00f3 el centro de la ciudad y escuch\u00f3 las necesidades de comerciantes y empresarios afectados por el movimiento tel\u00farico.<\/strong><\/p>\n\n\n\n<p class=\"has-drop-cap wp-block-paragraph\">El Gobierno Nacional avanza en la construcci\u00f3n de una ruta de atenci\u00f3n y recuperaci\u00f3n para los comerciantes y empresarios de Pereira que resultaron afectados por el fuerte sismo registrado en el pa\u00eds.<\/p>\n\n\n\n<p class=\"wp-block-paragraph\">Durante su visita a la capital de Risaralda, el ministro de Comercio, Industria y Turismo, <strong>Mauricio G\u00f3mez Am\u00edn<\/strong>, recorri\u00f3 diferentes sectores del centro de la ciudad y sostuvo encuentros con comerciantes y empresarios para conocer de primera mano las afectaciones ocasionadas por el movimiento tel\u00farico.<\/p>\n\n\n\n<p class=\"wp-block-paragraph\">Como parte de las acciones emprendidas, el Gobierno Nacional, en articulaci\u00f3n con <strong>Acopi, Confec\u00e1maras y Fenalco<\/strong>, adelanta un censo que permitir\u00e1 identificar y caracterizar los establecimientos comerciales afectados, as\u00ed como establecer las principales necesidades para definir las medidas de apoyo.<\/p>\n\n\n\n<p class=\"wp-block-paragraph\">La informaci\u00f3n recopilada ser\u00e1 fundamental para determinar las acciones de recuperaci\u00f3n y reactivaci\u00f3n de la actividad econ\u00f3mica en las zonas afectadas.<\/p>\n\n\n\n<p class=\"wp-block-paragraph\">De acuerdo con el Gobierno, el presidente <strong>Abelardo de la Espriella<\/strong> anunciar\u00e1 en los pr\u00f3ximos d\u00edas el <strong>Plan de Reconstrucci\u00f3n y Reactivaci\u00f3n Econ\u00f3mica<\/strong>, que contempla medidas dirigidas a respaldar a los comerciantes y empresarios que sufrieron afectaciones en sus establecimientos.<\/p>\n\n\n\n<p class=\"wp-block-paragraph\">El prop\u00f3sito de esta estrategia ser\u00e1 acompa\u00f1ar la recuperaci\u00f3n de los negocios, preservar los empleos y contribuir a la normalizaci\u00f3n de la actividad econ\u00f3mica en Pereira y las dem\u00e1s zonas afectadas por el sismo.<\/p>\n","protected":false},"excerpt":{"rendered":"<p>Gobierno Nacional avanza en ruta de recuperaci\u00f3n para comerciantes afectados por el sismo en Pereira El ministro de Comercio, Industria y Turismo, Mauricio G\u00f3mez Am\u00edn, recorri\u00f3 el centro de la ciudad y escuch\u00f3 las necesidades de comerciantes y empresarios afectados por el movimiento tel\u00farico. El Gobierno Nacional avanza en la construcci\u00f3n de una ruta de&#8230;<\/p>\n","protected":false},"author":2,"featured_media":5751,"comment_status":"closed","ping_status":"","sticky":false,"template":"","format":"standard","meta":{"rs_blank_template":"","rs_page_bg_color":"","slide_template_v7":"","_kad_post_transparent":"","_kad_post_title":"","_kad_post_layout":"","_kad_post_sidebar_id":"","_kad_post_content_style":"","_kad_post_vertical_padding":"","_kad_post_feature":"","_kad_post_feature_position":"","_kad_post_header":false,"_kad_post_footer":false,"_kad_post_classname":"","footnotes":""},"categories":[56],"tags":[],"class_list":["post-5750","post","type-post","status-publish","format-standard","has-post-thumbnail","hentry","category-nacional"],"_links":{"self":[{"href":"https:\/\/universoradio.co\/index.php?rest_route=\/wp\/v2\/posts\/5750","targetHints":{"allow":["GET"]}}],"collection":[{"href":"https:\/\/universoradio.co\/index.php?rest_route=\/wp\/v2\/posts"}],"about":[{"href":"https:\/\/universoradio.co\/index.php?rest_route=\/wp\/v2\/types\/post"}],"author":[{"embeddable":true,"href":"https:\/\/universoradio.co\/index.php?rest_route=\/wp\/v2\/users\/2"}],"replies":[{"embeddable":true,"href":"https:\/\/universoradio.co\/index.php?rest_route=%2Fwp%2Fv2%2Fcomments&post=5750"}],"version-history":[{"count":3,"href":"https:\/\/universoradio.co\/index.php?rest_route=\/wp\/v2\/posts\/5750\/revisions"}],"predecessor-version":[{"id":5754,"href":"https:\/\/universoradio.co\/index.php?rest_route=\/wp\/v2\/posts\/5750\/revisions\/5754"}],"wp:featuredmedia":[{"embeddable":true,"href":"https:\/\/universoradio.co\/index.php?rest_route=\/wp\/v2\/media\/5751"}],"wp:attachment":[{"href":"https:\/\/universoradio.co\/index.php?rest_route=%2Fwp%2Fv2%2Fmedia&parent=5750"}],"wp:term":[{"taxonomy":"category","embeddable":true,"href":"https:\/\/universoradio.co\/index.php?rest_route=%2Fwp%2Fv2%2Fcategories&post=5750"},{"taxonomy":"post_tag","embeddable":true,"href":"https:\/\/universoradio.co\/index.php?rest_route=%2Fwp%2Fv2%2Ftags&post=5750"}],"curies":[{"name":"wp","href":"https:\/\/api.w.org\/{rel}","templated":true}]}}