{"id":5755,"date":"2026-08-19T17:52:00","date_gmt":"2026-08-19T22:52:00","guid":{"rendered":"https:\/\/universoradio.co\/?p=5755"},"modified":"2026-08-19T09:53:53","modified_gmt":"2026-08-19T14:53:53","slug":"atlantico-sera-sede-de-la-final-regional-caribe-1-de-los-juegos-intercolegiados-2026","status":"publish","type":"post","link":"https:\/\/universoradio.co\/?p=5755","title":{"rendered":"Atl\u00e1ntico ser\u00e1 sede de la Final Regional Caribe 1 de los Juegos Intercolegiados 2026"},"content":{"rendered":"\n<ul class=\"wp-block-list\">\n<li>Los campeones de los deportes de conjunto ya est\u00e1n definidos y representar\u00e1n al departamento en la siguiente fase de los Juegos Intercolegiados, que tendr\u00e1 a Puerto Colombia como sede.<\/li>\n\n\n\n<li>Mil estudiantes deportistas participaron durante cuatro d\u00edas en la gran final departamental realizada en Malambo, con competencias en siete disciplinas.<\/li>\n\n\n\n<li>Ahora el turno ser\u00e1 para los deportes individuales: 1200 estudiantes deportistas competir\u00e1n del 19 al 25 de agosto por las medallas de oro y la posibilidad de seguir avanzando en los Juegos Intercolegiados.<\/li>\n<\/ul>\n\n\n\n<p class=\"has-drop-cap wp-block-paragraph\">El camino de los campeones del Atl\u00e1ntico continuar\u00e1 en casa. Puerto Colombia ser\u00e1 sede de la Final Regional Caribe 1 de los Juegos Intercolegiados 2026, la pr\u00f3xima gran cita para los equipos que lograron superar la fase departamental y que ahora tendr\u00e1n el reto de representar al departamento en una nueva instancia de competencia.<\/p>\n\n\n\n<p class=\"wp-block-paragraph\">Los representantes del Atl\u00e1ntico quedaron definidos tras cuatro d\u00edas de intensa actividad deportiva en Malambo, donde m\u00e1s de 1000 estudiantes deportistas, provenientes de instituciones educativas de diferentes municipios y subregiones, disputaron la gran final departamental de los deportes de conjunto.<\/p>\n\n\n\n<p class=\"wp-block-paragraph\">La competencia entreg\u00f3 los t\u00edtulos en f\u00fatbol, f\u00fatbol sala, f\u00fatbol de sal\u00f3n, balonmano, baloncesto, baloncesto 3\u00d73 y voleibol, en las categor\u00edas prejuvenil y juvenil, masculino y femenino.<\/p>\n\n\n\n<p class=\"wp-block-paragraph\">Con los campeones ya definidos, el siguiente desaf\u00edo ser\u00e1 la Final Regional Caribe 1, que se disputar\u00e1 en Puerto Colombia y tendr\u00e1 al Atl\u00e1ntico como anfitri\u00f3n de esta nueva fase de los Juegos Intercolegiados 2026.<\/p>\n\n\n\n<p class=\"wp-block-paragraph\">\u201cFelicitamos a todos los colegios campeones de esta final departamental. Detr\u00e1s de cada medalla de oro hay estudiantes, entrenadores, profesores y familias que han trabajado para llegar hasta aqu\u00ed. Tambi\u00e9n queremos agradecerle al municipio de Malambo por abrirnos las puertas y ser una gran sede para esta final de los Juegos Intercolegiados. Ahora viene un nuevo desaf\u00edo: nuestros campeones representar\u00e1n al Atl\u00e1ntico en la final regional Caribe 1, en Puerto Colombia. Esta semana tambi\u00e9n continuamos con las finales en los deportes individuales, esperando como siempre lo mejor de los estudiantes con todo su talento deportivo\u201d, se\u00f1al\u00f3 Iv\u00e1n Urquijo Osorio, director de Indeportes Atl\u00e1ntico.<\/p>\n\n\n\n<p class=\"wp-block-paragraph\">La alegr\u00eda de los campeones se reflej\u00f3 en cada celebraci\u00f3n. Para Laura Arzuza, integrante del equipo campe\u00f3n de baloncesto 3\u00d73 del Colegio Biffi La Salle, el t\u00edtulo es una motivaci\u00f3n para seguir trabajando.<\/p>\n\n\n\n<p class=\"wp-block-paragraph\">\u201cMuy feliz, agradecida y emocionada por lo que hemos logrado como equipo. Nos fue s\u00faper bien y gracias a la Gobernaci\u00f3n por esta final. Ahora toca entrenar duro e ir, con el apoyo de los entrenadores, a la final Caribe 1\u201d, expres\u00f3 Laura Arzuza.<\/p>\n\n\n\n<p class=\"wp-block-paragraph\">En la categor\u00eda prejuvenil de baloncesto 3\u00d73, el oro tambi\u00e9n signific\u00f3 la clasificaci\u00f3n a una nueva etapa para el Liceo de Cervantes. Edgar Zabatela destac\u00f3 el trabajo colectivo que permiti\u00f3 conseguir el campeonato.<\/p>\n\n\n\n<p class=\"wp-block-paragraph\">\u201cMuy contento de avanzar a la fase regional. Creo que tenemos con qu\u00e9 seguir pasando fases. Con la ayuda del profe y mis compa\u00f1eros hemos logrado armar un buen equipo. Vamos con todo\u201d, manifest\u00f3 \u00c9dgar Zabatela, medallista de oro con el Liceo de Cervantes.<\/p>\n\n\n\n<p class=\"wp-block-paragraph\">En el baloncesto juvenil 5\u00d75 femenino, el Colegio de Barranquilla (Codeba) protagoniz\u00f3 una final intensa que termin\u00f3 con la celebraci\u00f3n del t\u00edtulo. Shadia Arboleda, capitana del equipo, resalt\u00f3 la capacidad del grupo para superar los momentos dif\u00edciles del partido.<\/p>\n\n\n\n<p class=\"wp-block-paragraph\">\u201cLa verdad, muy sufrida la final. Tuvimos momentos complicados, pero la sacamos adelante y gracias a Dios ganamos la medalla de oro. Como capitana de este equipo me siento orgullosa y vamos con todo por el Caribe 1\u201d, afirm\u00f3 Shadia Arboleda.<\/p>\n\n\n\n<p class=\"wp-block-paragraph\">Con la final de los deportes de conjunto cumplida, los Juegos Intercolegiados del Atl\u00e1ntico entran ahora en una nueva etapa. El turno es para los deportes individuales, donde ya se adelantaron las finales de atletismo, para atletismo y ajedrez.<\/p>\n\n\n\n<p class=\"wp-block-paragraph\">Las dem\u00e1s finales departamentales se desarrollar\u00e1n entre el 19 y el 25 de agosto, con m\u00e1s de 1.200 estudiantes deportistas en acci\u00f3n. Las competencias por las medallas de oro ser\u00e1n en nataci\u00f3n, para nataci\u00f3n, karate, taekwondo, boxeo, judo, levantamiento de pesas, tenis de mesa y patinaje.<\/p>\n\n\n\n<p class=\"wp-block-paragraph\">As\u00ed, mientras los campeones de los deportes de conjunto se preparan para representar al departamento en la Final Regional Caribe 1 en Puerto Colombia, la competencia contin\u00faa en las disciplinas individuales, donde se seguir\u00e1n definiendo los estudiantes deportistas que avanzar\u00e1n en los Juegos Intercolegiados 2026.<\/p>\n\n\n\n<p class=\"wp-block-paragraph\">INSTITUCIONES CAMPEONAS \u2013 Final Departamental de Deportes de Conjunto*<\/p>\n\n\n\n<p class=\"wp-block-paragraph\">Baloncesto<\/p>\n\n\n\n<ul class=\"wp-block-list\">\n<li>Prejuvenil femenino: I.E. Normal La Hacienda \u2013 Barranquilla.<\/li>\n\n\n\n<li>Prejuvenil masculino: Sagrado Coraz\u00f3n \u2013 Puerto Colombia.<\/li>\n\n\n\n<li>Juvenil femenino: Colegio de Barranquilla (Codeba) \u2013 Barranquilla.<\/li>\n\n\n\n<li>Juvenil masculino: I.E. Carlos M\u00e9isel \u2013 Barranquilla.<\/li>\n<\/ul>\n\n\n\n<p class=\"wp-block-paragraph\">Baloncesto 3\u00d73<\/p>\n\n\n\n<ul class=\"wp-block-list\">\n<li>Prejuvenil femenino: Colegio Biffi La Salle \u2013 Barranquilla.<\/li>\n\n\n\n<li>Prejuvenil masculino: Colegio Liceo de Cervantes \u2013 Barranquilla.<\/li>\n\n\n\n<li>Juvenil femenino: Colegio de Bachillerato FEM \u2013 Sabanalarga.<\/li>\n\n\n\n<li>Juvenil masculino: Colegio Gabriel Garc\u00eda M\u00e1rquez \u2013 Barranquilla.<\/li>\n<\/ul>\n\n\n\n<p class=\"wp-block-paragraph\">Balonmano<\/p>\n\n\n\n<ul class=\"wp-block-list\">\n<li>Prejuvenil femenino: I.E. Eduardo Turizo Palencia \u2013 Barranquilla.<\/li>\n\n\n\n<li>Prejuvenil masculino: I.E. Eduardo Turizo Palencia \u2013 Barranquilla.<\/li>\n\n\n\n<li>Juvenil femenino: I.E. Mar\u00eda Inmaculada \u2013 Barranquilla.<\/li>\n<\/ul>\n\n\n\n<p class=\"wp-block-paragraph\">Voleibol<\/p>\n\n\n\n<ul class=\"wp-block-list\">\n<li>Prejuvenil femenino: Colegio San Jos\u00e9 \u2013 Puerto Colombia.<\/li>\n\n\n\n<li>Prejuvenil masculino: I.E. T\u00e9cnica UA23 \u2013 Malambo.<\/li>\n\n\n\n<li>Juvenil femenino: Hartford International School \u2013 Puerto Colombia.<\/li>\n\n\n\n<li>Juvenil masculino: C.E. Jes\u00fas Maestro Fe y Alegr\u00eda \u2013 Barranquilla.<\/li>\n<\/ul>\n\n\n\n<p class=\"wp-block-paragraph\">F\u00fatbol<\/p>\n\n\n\n<ul class=\"wp-block-list\">\n<li>Prejuvenil femenino: INETAR \u2013 Repel\u00f3n.<\/li>\n\n\n\n<li>Prejuvenil masculino: I.E.D. Adolfo Le\u00f3n Bol\u00edvar Marenco \u2013 Suan.<\/li>\n\n\n\n<li>Juvenil femenino: I.E. Jos\u00e9 Castillo Bol\u00edvar \u2013 Soledad.<\/li>\n\n\n\n<li>Juvenil masculino: I.E. Eduardo Turizo Palencia \u2013 Barranquilla.<\/li>\n<\/ul>\n\n\n\n<p class=\"wp-block-paragraph\">F\u00fatbol sala<\/p>\n\n\n\n<ul class=\"wp-block-list\">\n<li>Prejuvenil femenino: Instituto Educativo Nuestra Se\u00f1ora de la Candelaria \u2013 Malambo.<\/li>\n\n\n\n<li>Prejuvenil masculino: I.E.T. Meira del Mar \u2013 Barranquilla.<\/li>\n\n\n\n<li>Juvenil femenino: I.E. Jos\u00e9 Consuegra Higgins \u2013 Barranquilla.<\/li>\n\n\n\n<li>Juvenil masculino: I.E. T\u00e9cnica Comercial \u2013 Palmar de Varela.<\/li>\n<\/ul>\n\n\n\n<p class=\"wp-block-paragraph\">F\u00fatbol de sal\u00f3n<\/p>\n\n\n\n<ul class=\"wp-block-list\">\n<li>Prejuvenil femenino: Centro Social Don Bosco \u2013 Barranquilla.<\/li>\n\n\n\n<li>Prejuvenil masculino: I.E. Mar\u00eda Auxiliadora \u2013 Galapa.<\/li>\n\n\n\n<li>Juvenil femenino: I.E. Ciudadela Estudiantil \u2013 Barranquilla.<br>Juvenil masculino: I.E. San Salvador \u2013 Barranquilla.<\/li>\n<\/ul>\n","protected":false},"excerpt":{"rendered":"<p>El camino de los campeones del Atl\u00e1ntico continuar\u00e1 en casa. Puerto Colombia ser\u00e1 sede de la Final Regional Caribe 1 de los Juegos Intercolegiados 2026, la pr\u00f3xima gran cita para los equipos que lograron superar la fase departamental y que ahora tendr\u00e1n el reto de representar al departamento en una nueva instancia de competencia. Los&#8230;<\/p>\n","protected":false},"author":2,"featured_media":5756,"comment_status":"closed","ping_status":"","sticky":false,"template":"","format":"standard","meta":{"rs_blank_template":"","rs_page_bg_color":"","slide_template_v7":"","_kad_post_transparent":"","_kad_post_title":"","_kad_post_layout":"","_kad_post_sidebar_id":"","_kad_post_content_style":"","_kad_post_vertical_padding":"","_kad_post_feature":"","_kad_post_feature_position":"","_kad_post_header":false,"_kad_post_footer":false,"_kad_post_classname":"","footnotes":""},"categories":[55],"tags":[],"class_list":["post-5755","post","type-post","status-publish","format-standard","has-post-thumbnail","hentry","category-deportes"],"_links":{"self":[{"href":"https:\/\/universoradio.co\/index.php?rest_route=\/wp\/v2\/posts\/5755","targetHints":{"allow":["GET"]}}],"collection":[{"href":"https:\/\/universoradio.co\/index.php?rest_route=\/wp\/v2\/posts"}],"about":[{"href":"https:\/\/universoradio.co\/index.php?rest_route=\/wp\/v2\/types\/post"}],"author":[{"embeddable":true,"href":"https:\/\/universoradio.co\/index.php?rest_route=\/wp\/v2\/users\/2"}],"replies":[{"embeddable":true,"href":"https:\/\/universoradio.co\/index.php?rest_route=%2Fwp%2Fv2%2Fcomments&post=5755"}],"version-history":[{"count":1,"href":"https:\/\/universoradio.co\/index.php?rest_route=\/wp\/v2\/posts\/5755\/revisions"}],"predecessor-version":[{"id":5757,"href":"https:\/\/universoradio.co\/index.php?rest_route=\/wp\/v2\/posts\/5755\/revisions\/5757"}],"wp:featuredmedia":[{"embeddable":true,"href":"https:\/\/universoradio.co\/index.php?rest_route=\/wp\/v2\/media\/5756"}],"wp:attachment":[{"href":"https:\/\/universoradio.co\/index.php?rest_route=%2Fwp%2Fv2%2Fmedia&parent=5755"}],"wp:term":[{"taxonomy":"category","embeddable":true,"href":"https:\/\/universoradio.co\/index.php?rest_route=%2Fwp%2Fv2%2Fcategories&post=5755"},{"taxonomy":"post_tag","embeddable":true,"href":"https:\/\/universoradio.co\/index.php?rest_route=%2Fwp%2Fv2%2Ftags&post=5755"}],"curies":[{"name":"wp","href":"https:\/\/api.w.org\/{rel}","templated":true}]}}