{"id":5758,"date":"2026-08-19T18:55:00","date_gmt":"2026-08-19T23:55:00","guid":{"rendered":"https:\/\/universoradio.co\/?p=5758"},"modified":"2026-08-19T09:58:10","modified_gmt":"2026-08-19T14:58:10","slug":"nicole-bolano-y-sebastian-rua-nuevos-representantes-de-la-ninez-del-atlantico","status":"publish","type":"post","link":"https:\/\/universoradio.co\/?p=5758","title":{"rendered":"Nicole Bola\u00f1o y Sebasti\u00e1n R\u00faa, nuevos representantes de la ni\u00f1ez del Atl\u00e1ntico"},"content":{"rendered":"\n<ul class=\"wp-block-list\">\n<li><strong>La Mesa Departamental de Ni\u00f1ez cont\u00f3 con la participaci\u00f3n de 22 representantes de los municipios del Atl\u00e1ntico.<\/strong><\/li>\n\n\n\n<li><\/li>\n\n\n\n<li><\/li>\n\n\n\n<li>Con la participaci\u00f3n de 22 delegados de los municipios del departamento, se llev\u00f3 a cabo la Mesa Departamental de Ni\u00f1ez del Atl\u00e1ntico, un espacio en el que se eligi\u00f3 a los representantes que asumir\u00e1n la vocer\u00eda de los ni\u00f1os, ni\u00f1as y adolescentes ante los diferentes escenarios departamentales de participaci\u00f3n.<\/li>\n<\/ul>\n\n\n\n<p class=\"wp-block-paragraph\">Nicole Bola\u00f1o, de Pioj\u00f3, y Sebasti\u00e1n R\u00faa, de Malambo, fueron elegidos durante el encuentro realizado en la sede Prado de Cajacopi, en Barranquilla. All\u00ed, los participantes compartieron sus ideas, inquietudes y propuestas sobre los temas que consideran prioritarios para su bienestar y el de sus comunidades.<\/p>\n\n\n\n<p class=\"wp-block-paragraph\">La gerente de Capital Social de la Gobernaci\u00f3n del Atl\u00e1ntico, Karina Llanos, explic\u00f3 que esta jornada antecede al Consejo Consultivo de Ni\u00f1ez y Adolescencia y permite consolidar los mecanismos de participaci\u00f3n de esta poblaci\u00f3n en el departamento.<\/p>\n\n\n\n<p class=\"wp-block-paragraph\">\u201cEl eje central de esta Mesa fue el ejercicio democr\u00e1tico para la elecci\u00f3n de los representantes de 2026, quienes tendr\u00e1n la responsabilidad de llevar la voz de la ni\u00f1ez y la adolescencia del Atl\u00e1ntico a los espacios de di\u00e1logo y concertaci\u00f3n en los que se abordan pol\u00edticas, programas y acciones dirigidas a esta poblaci\u00f3n\u201d, se\u00f1al\u00f3 la funcionaria.<\/p>\n\n\n\n<p class=\"wp-block-paragraph\">Este ejercicio fortalece el derecho de los ni\u00f1os, ni\u00f1as y adolescentes a ser escuchados y a participar activamente en las decisiones que inciden en sus vidas, sus familias, sus instituciones educativas y sus territorios.<\/p>\n\n\n\n<p class=\"wp-block-paragraph\">Tras su elecci\u00f3n, Nicole Bola\u00f1o destac\u00f3 la responsabilidad que representa asumir esta vocer\u00eda y el compromiso de escuchar las necesidades, inquietudes y propuestas de sus compa\u00f1eros en los distintos municipios del Atl\u00e1ntico.<\/p>\n\n\n\n<p class=\"wp-block-paragraph\">\u201cEsta oportunidad nos permitir\u00e1 conocer lo que los ni\u00f1os, ni\u00f1as y adolescentes est\u00e1n viendo en sus territorios, cu\u00e1les son sus preocupaciones y qu\u00e9 propuestas tienen\u201d, expres\u00f3 la nueva vocera.<\/p>\n\n\n\n<p class=\"wp-block-paragraph\">Durante el encuentro tambi\u00e9n se desarrollaron din\u00e1micas de integraci\u00f3n y reflexi\u00f3n orientadas a fortalecer las capacidades de liderazgo, expresi\u00f3n y participaci\u00f3n de los integrantes de la Mesa, as\u00ed como a propiciar el intercambio de experiencias entre los representantes de los diferentes municipios.<\/p>\n\n\n\n<p class=\"wp-block-paragraph\">Los ni\u00f1os, ni\u00f1as y adolescentes son actores fundamentales en la construcci\u00f3n de pol\u00edticas y acciones orientadas a la garant\u00eda de sus derechos, y representan el 28 % de la poblaci\u00f3n total de atlanticenses.<\/p>\n","protected":false},"excerpt":{"rendered":"<p>Nicole Bola\u00f1o, de Pioj\u00f3, y Sebasti\u00e1n R\u00faa, de Malambo, fueron elegidos durante el encuentro realizado en la sede Prado de Cajacopi, en Barranquilla. All\u00ed, los participantes compartieron sus ideas, inquietudes y propuestas sobre los temas que consideran prioritarios para su bienestar y el de sus comunidades. La gerente de Capital Social de la Gobernaci\u00f3n del&#8230;<\/p>\n","protected":false},"author":2,"featured_media":5759,"comment_status":"closed","ping_status":"","sticky":false,"template":"","format":"standard","meta":{"rs_blank_template":"","rs_page_bg_color":"","slide_template_v7":"","_kad_post_transparent":"","_kad_post_title":"","_kad_post_layout":"","_kad_post_sidebar_id":"","_kad_post_content_style":"","_kad_post_vertical_padding":"","_kad_post_feature":"","_kad_post_feature_position":"","_kad_post_header":false,"_kad_post_footer":false,"_kad_post_classname":"","footnotes":""},"categories":[50],"tags":[],"class_list":["post-5758","post","type-post","status-publish","format-standard","has-post-thumbnail","hentry","category-generales"],"_links":{"self":[{"href":"https:\/\/universoradio.co\/index.php?rest_route=\/wp\/v2\/posts\/5758","targetHints":{"allow":["GET"]}}],"collection":[{"href":"https:\/\/universoradio.co\/index.php?rest_route=\/wp\/v2\/posts"}],"about":[{"href":"https:\/\/universoradio.co\/index.php?rest_route=\/wp\/v2\/types\/post"}],"author":[{"embeddable":true,"href":"https:\/\/universoradio.co\/index.php?rest_route=\/wp\/v2\/users\/2"}],"replies":[{"embeddable":true,"href":"https:\/\/universoradio.co\/index.php?rest_route=%2Fwp%2Fv2%2Fcomments&post=5758"}],"version-history":[{"count":1,"href":"https:\/\/universoradio.co\/index.php?rest_route=\/wp\/v2\/posts\/5758\/revisions"}],"predecessor-version":[{"id":5760,"href":"https:\/\/universoradio.co\/index.php?rest_route=\/wp\/v2\/posts\/5758\/revisions\/5760"}],"wp:featuredmedia":[{"embeddable":true,"href":"https:\/\/universoradio.co\/index.php?rest_route=\/wp\/v2\/media\/5759"}],"wp:attachment":[{"href":"https:\/\/universoradio.co\/index.php?rest_route=%2Fwp%2Fv2%2Fmedia&parent=5758"}],"wp:term":[{"taxonomy":"category","embeddable":true,"href":"https:\/\/universoradio.co\/index.php?rest_route=%2Fwp%2Fv2%2Fcategories&post=5758"},{"taxonomy":"post_tag","embeddable":true,"href":"https:\/\/universoradio.co\/index.php?rest_route=%2Fwp%2Fv2%2Ftags&post=5758"}],"curies":[{"name":"wp","href":"https:\/\/api.w.org\/{rel}","templated":true}]}}