{"id":5764,"date":"2026-08-21T17:14:39","date_gmt":"2026-08-21T22:14:39","guid":{"rendered":"https:\/\/universoradio.co\/?p=5764"},"modified":"2026-08-21T17:20:49","modified_gmt":"2026-08-21T22:20:49","slug":"rapida-reaccion-de-la-policia-nacional-permitio-captura-de-presunto-delincuente-por-homicidio-en-el-centro-de-barranquilla","status":"publish","type":"post","link":"https:\/\/universoradio.co\/?p=5764","title":{"rendered":"R\u00c1PIDA REACCI\u00d3N DE LA POLIC\u00cdA NACIONAL PERMITI\u00d3 CAPTURA DE PRESUNTO DELINCUENTE POR HOMICIDIO EN EL CENTRO DE BARRANQUILLA"},"content":{"rendered":"\n<p class=\"wp-block-paragraph\"><strong>La Polic\u00eda Nacional en Barranquilla logr\u00f3, en una r\u00e1pida reacci\u00f3n, la captura de un presunto delincuente luego de un hecho de homicidio registrado en el barrio El Rosario.<\/strong><\/p>\n\n\n\n<p class=\"wp-block-paragraph\">Los hechos se registraron, en la carrera 45B con calle 34, al interior de un centro comercial, donde un hombre que se encontraba en un local fue abordado por un sujeto que atent\u00f3 contra su integridad con arma de fuego, ocasion\u00e1ndole la muerte en el lugar.<\/p>\n\n\n\n<p class=\"wp-block-paragraph\">Gracias a la r\u00e1pida reacci\u00f3n de nuestros uniformados, fue capturado en flagrancia un hombre conocido como alias \u201cEl Animal\u201d, a quien se le hall\u00f3 en su poder un arma de fuego tipo pistola, dos cartuchos y un supresor de sonido (silenciador).<\/p>\n\n\n\n<p class=\"wp-block-paragraph\">El capturado registra dos anotaciones judiciales por el delito de hurto. Inmediatamente fue dejado a disposici\u00f3n de la autoridad competente para que responda por los hechos antes mencionados.<\/p>\n\n\n\n<p class=\"wp-block-paragraph\">El Brigadier General Miguel Andr\u00e9s Camelo S\u00e1nchez, comandante de la Polic\u00eda Metropolitana de Barranquilla, destac\u00f3 la r\u00e1pida reacci\u00f3n de los uniformados que permiti\u00f3 la captura del presunto responsable y reiter\u00f3 que la instituci\u00f3n continuar\u00e1 desplegando todas sus capacidades para enfrentar de manera frontal a quienes pretendan afectar la seguridad y convivencia en Barranquilla y su \u00e1rea metropolitana.<\/p>\n\n\n\n<p class=\"wp-block-paragraph\">Continuamos atacando el delito de manera frontal y fortaleciendo las acciones operativas y de investigaci\u00f3n criminal. Con este resultado reafirmamos nuestro compromiso con la seguridad y la tranquilidad de los ciudadanos.<\/p>\n\n\n\n<p class=\"wp-block-paragraph\">Invitamos a la comunidad a denunciar cualquier hecho criminal a trav\u00e9s de la l\u00ednea contra el crimen 317 896 5523.<\/p>\n\n\n\n<p class=\"wp-block-paragraph\"><\/p>\n","protected":false},"excerpt":{"rendered":"<p>La Polic\u00eda Nacional en Barranquilla logr\u00f3, en una r\u00e1pida reacci\u00f3n, la captura de un presunto delincuente luego de un hecho de homicidio registrado en el barrio El Rosario. Los hechos se registraron, en la carrera 45B con calle 34, al interior de un centro comercial, donde un hombre que se encontraba en un local fue&#8230;<\/p>\n","protected":false},"author":2,"featured_media":5765,"comment_status":"closed","ping_status":"","sticky":false,"template":"","format":"standard","meta":{"rs_blank_template":"","rs_page_bg_color":"","slide_template_v7":"","_kad_post_transparent":"","_kad_post_title":"","_kad_post_layout":"","_kad_post_sidebar_id":"","_kad_post_content_style":"","_kad_post_vertical_padding":"","_kad_post_feature":"","_kad_post_feature_position":"","_kad_post_header":false,"_kad_post_footer":false,"_kad_post_classname":"","footnotes":""},"categories":[23],"tags":[],"class_list":["post-5764","post","type-post","status-publish","format-standard","has-post-thumbnail","hentry","category-autoridades"],"_links":{"self":[{"href":"https:\/\/universoradio.co\/index.php?rest_route=\/wp\/v2\/posts\/5764","targetHints":{"allow":["GET"]}}],"collection":[{"href":"https:\/\/universoradio.co\/index.php?rest_route=\/wp\/v2\/posts"}],"about":[{"href":"https:\/\/universoradio.co\/index.php?rest_route=\/wp\/v2\/types\/post"}],"author":[{"embeddable":true,"href":"https:\/\/universoradio.co\/index.php?rest_route=\/wp\/v2\/users\/2"}],"replies":[{"embeddable":true,"href":"https:\/\/universoradio.co\/index.php?rest_route=%2Fwp%2Fv2%2Fcomments&post=5764"}],"version-history":[{"count":2,"href":"https:\/\/universoradio.co\/index.php?rest_route=\/wp\/v2\/posts\/5764\/revisions"}],"predecessor-version":[{"id":5767,"href":"https:\/\/universoradio.co\/index.php?rest_route=\/wp\/v2\/posts\/5764\/revisions\/5767"}],"wp:featuredmedia":[{"embeddable":true,"href":"https:\/\/universoradio.co\/index.php?rest_route=\/wp\/v2\/media\/5765"}],"wp:attachment":[{"href":"https:\/\/universoradio.co\/index.php?rest_route=%2Fwp%2Fv2%2Fmedia&parent=5764"}],"wp:term":[{"taxonomy":"category","embeddable":true,"href":"https:\/\/universoradio.co\/index.php?rest_route=%2Fwp%2Fv2%2Fcategories&post=5764"},{"taxonomy":"post_tag","embeddable":true,"href":"https:\/\/universoradio.co\/index.php?rest_route=%2Fwp%2Fv2%2Ftags&post=5764"}],"curies":[{"name":"wp","href":"https:\/\/api.w.org\/{rel}","templated":true}]}}