{"id":5768,"date":"2026-08-21T17:31:46","date_gmt":"2026-08-21T22:31:46","guid":{"rendered":"https:\/\/universoradio.co\/?p=5768"},"modified":"2026-08-21T17:31:46","modified_gmt":"2026-08-21T22:31:46","slug":"siguen-las-caravanas-por-la-vida-en-soledad-para-fortalecer-la-seguridad-y-promover-la-denuncia-contra-la-extorsion","status":"publish","type":"post","link":"https:\/\/universoradio.co\/?p=5768","title":{"rendered":"Siguen las Caravanas por la Vida en Soledad para fortalecer la seguridad y promover la denuncia contra la extorsi\u00f3n"},"content":{"rendered":"\n<p class=\"wp-block-paragraph\"><strong>Alcald\u00eda de Soledad y Gaula de la Polic\u00eda llevan la campa\u00f1a \u201cYo no pago, Yo denuncio\u201d a diferentes sectores del municipio<\/strong><\/p>\n\n\n\n<p class=\"wp-block-paragraph\">La Alcald\u00eda de Soledad contin\u00faa fortaleciendo las estrategias de seguridad y convivencia ciudadana mediante las denominadas \u201cCaravanas por la Vida\u201d, una iniciativa que recorre diferentes sectores del municipio con el prop\u00f3sito de llevar presencia institucional, generar confianza en la comunidad y fortalecer las acciones de prevenci\u00f3n y lucha contra la delincuencia.<\/p>\n\n\n\n<p class=\"wp-block-paragraph\">Durante una nueva jornada realizada esta semana, las caravanas contaron con el acompa\u00f1amiento del Gaula de la Polic\u00eda Nacional, cuyos uniformados visitaron distintos sectores de Soledad para desarrollar actividades de prevenci\u00f3n frente al delito de extorsi\u00f3n y socializar con comerciantes y ciudadanos la campa\u00f1a \u201cYo no pago, Yo denuncio\u201d.<\/p>\n\n\n\n<p class=\"wp-block-paragraph\">La estrategia busca enviar un mensaje contundente, especialmente al sector comercial: pagar una extorsi\u00f3n no es la soluci\u00f3n. Por el contrario, las autoridades invitan a denunciar oportunamente cualquier exigencia econ\u00f3mica realizada por parte de estructuras delincuenciales, con el prop\u00f3sito de activar los mecanismos de investigaci\u00f3n y protecci\u00f3n establecidos por las autoridades.<\/p>\n\n\n\n<p class=\"wp-block-paragraph\">El secretario de Gobierno de Soledad, coronel (r) Carlos Valencia Mu\u00f1oz, destac\u00f3 la importancia de mantener estas acciones de manera permanente y se\u00f1al\u00f3 que las Caravanas por la Vida han permitido acompa\u00f1ar a las comunidades y obtener resultados importantes durante la administraci\u00f3n de la alcaldesa Alcira Sandoval Ib\u00e1\u00f1ez, entre ellos capturas, decomisos y recuperaci\u00f3n de veh\u00edculos reportados como perdidos.<\/p>\n\n\n\n<p class=\"wp-block-paragraph\">\u201cLo que se quiere es que la ciudadan\u00eda est\u00e9 tranquila y que sepa que estamos trabajando para brindar seguridad\u201d, manifest\u00f3 el funcionario, al tiempo que asegur\u00f3 que estas jornadas continuar\u00e1n desarroll\u00e1ndose en diferentes sectores del municipio y se fortalecer\u00e1n por disposici\u00f3n de la mandataria local.<\/p>\n\n\n\n<p class=\"wp-block-paragraph\">Valencia Mu\u00f1oz agreg\u00f3 que la instrucci\u00f3n de la alcaldesa es incrementar el pie de fuerza y fortalecer las acciones contra la delincuencia, mediante un trabajo articulado entre las instituciones encargadas de garantizar la seguridad y la convivencia.<\/p>\n\n\n\n<p class=\"wp-block-paragraph\">Durante las visitas, los integrantes del Gaula tambi\u00e9n hicieron \u00e9nfasis en la importancia de romper el silencio frente a la extorsi\u00f3n. Los uniformados explicaron que en muchos casos las v\u00edctimas se abstienen de denunciar por temor a posibles represalias de los delincuentes. Sin embargo, reiteraron que la denuncia permite activar mecanismos institucionales de protecci\u00f3n y acompa\u00f1amiento.<\/p>\n\n\n\n<p class=\"wp-block-paragraph\">Desde el Gaula se hizo un llamado especial a los comerciantes, trabajadores y ciudadanos que puedan estar siendo v\u00edctimas de este delito para que no cedan ante las amenazas y acudan a las autoridades. La instituci\u00f3n reiter\u00f3 que su misi\u00f3n es proteger a las v\u00edctimas y brindarles acompa\u00f1amiento durante el proceso de denuncia.<\/p>\n\n\n\n<p class=\"wp-block-paragraph\">Las Caravanas por la Vida hacen parte de la estrategia integral de seguridad de la Alcald\u00eda de Soledad, que busca mantener una presencia activa de las autoridades en los barrios, fortalecer la prevenci\u00f3n del delito y acercar las instituciones a la ciudadan\u00eda.<\/p>\n\n\n\n<p class=\"wp-block-paragraph\">Con estas acciones, la administraci\u00f3n municipal, bajo el liderazgo de la alcaldesa Alcira Sandoval Ib\u00e1\u00f1ez, ratifica su compromiso de continuar trabajando de manera articulada contra la delincuencia y en favor de la tranquilidad de los solede\u00f1os, comerciantes, trabajadores y motocarristas, con el prop\u00f3sito de consolidar un territorio de paz y oportunidades para todos.<\/p>\n","protected":false},"excerpt":{"rendered":"<p>Alcald\u00eda de Soledad y Gaula de la Polic\u00eda llevan la campa\u00f1a \u201cYo no pago, Yo denuncio\u201d a diferentes sectores del municipio La Alcald\u00eda de Soledad contin\u00faa fortaleciendo las estrategias de seguridad y convivencia ciudadana mediante las denominadas \u201cCaravanas por la Vida\u201d, una iniciativa que recorre diferentes sectores del municipio con el prop\u00f3sito de llevar presencia&#8230;<\/p>\n","protected":false},"author":2,"featured_media":5769,"comment_status":"closed","ping_status":"","sticky":false,"template":"","format":"standard","meta":{"rs_blank_template":"","rs_page_bg_color":"","slide_template_v7":"","_kad_post_transparent":"","_kad_post_title":"","_kad_post_layout":"","_kad_post_sidebar_id":"","_kad_post_content_style":"","_kad_post_vertical_padding":"","_kad_post_feature":"","_kad_post_feature_position":"","_kad_post_header":false,"_kad_post_footer":false,"_kad_post_classname":"","footnotes":""},"categories":[50],"tags":[],"class_list":["post-5768","post","type-post","status-publish","format-standard","has-post-thumbnail","hentry","category-generales"],"_links":{"self":[{"href":"https:\/\/universoradio.co\/index.php?rest_route=\/wp\/v2\/posts\/5768","targetHints":{"allow":["GET"]}}],"collection":[{"href":"https:\/\/universoradio.co\/index.php?rest_route=\/wp\/v2\/posts"}],"about":[{"href":"https:\/\/universoradio.co\/index.php?rest_route=\/wp\/v2\/types\/post"}],"author":[{"embeddable":true,"href":"https:\/\/universoradio.co\/index.php?rest_route=\/wp\/v2\/users\/2"}],"replies":[{"embeddable":true,"href":"https:\/\/universoradio.co\/index.php?rest_route=%2Fwp%2Fv2%2Fcomments&post=5768"}],"version-history":[{"count":1,"href":"https:\/\/universoradio.co\/index.php?rest_route=\/wp\/v2\/posts\/5768\/revisions"}],"predecessor-version":[{"id":5770,"href":"https:\/\/universoradio.co\/index.php?rest_route=\/wp\/v2\/posts\/5768\/revisions\/5770"}],"wp:featuredmedia":[{"embeddable":true,"href":"https:\/\/universoradio.co\/index.php?rest_route=\/wp\/v2\/media\/5769"}],"wp:attachment":[{"href":"https:\/\/universoradio.co\/index.php?rest_route=%2Fwp%2Fv2%2Fmedia&parent=5768"}],"wp:term":[{"taxonomy":"category","embeddable":true,"href":"https:\/\/universoradio.co\/index.php?rest_route=%2Fwp%2Fv2%2Fcategories&post=5768"},{"taxonomy":"post_tag","embeddable":true,"href":"https:\/\/universoradio.co\/index.php?rest_route=%2Fwp%2Fv2%2Ftags&post=5768"}],"curies":[{"name":"wp","href":"https:\/\/api.w.org\/{rel}","templated":true}]}}