{"id":5783,"date":"2026-08-23T11:34:22","date_gmt":"2026-08-23T16:34:22","guid":{"rendered":"https:\/\/universoradio.co\/?p=5783"},"modified":"2026-08-23T11:34:22","modified_gmt":"2026-08-23T16:34:22","slug":"descentralizar-las-decisiones-del-sistema-energetico-propone-el-gobernador-del-atlantico-eduardo-verano","status":"publish","type":"post","link":"https:\/\/universoradio.co\/?p=5783","title":{"rendered":"Descentralizar las decisiones del sistema energ\u00e9tico propone el gobernador del Atl\u00e1ntico, Eduardo Verano"},"content":{"rendered":"\n<ul class=\"wp-block-list\">\n<li><strong>En el congreso de Andeg expuso la necesidad de respaldar un plan regional estructurado con 49 proyectos.<\/strong><\/li>\n<\/ul>\n\n\n\n<p class=\"has-drop-cap wp-block-paragraph\">El gobernador del Atl\u00e1ntico y presidente de la Regi\u00f3n Administrativa y de Planificaci\u00f3n (RAP Caribe), Eduardo Verano, present\u00f3 ante el sector el\u00e9ctrico del pa\u00eds una hoja de ruta para transformar el modelo energ\u00e9tico de la regi\u00f3n Caribe y plante\u00f3 una petici\u00f3n directa a la ministra de Minas y Energ\u00eda.<\/p>\n\n\n\n<p class=\"wp-block-paragraph\">Ante generadores, transportadores, distribuidores, comercializadores, reguladores y miembros de la academia, reunidos en el XIII Foro Energ\u00e9tico organizado por la Asociaci\u00f3n Nacional de Empresas Generadoras (Andeg), el mandatario sostuvo que en un evento de tal magnitud no se puede asistir \u00fanicamente a escuchar conferencias.<\/p>\n\n\n\n<p class=\"wp-block-paragraph\">\u201cAqu\u00ed hemos venido a pensar el pa\u00eds\u201d, manifest\u00f3 Verano ante la audiencia reunida en el hotel Marriott, en el norte de Barranquilla, durante su intervenci\u00f3n denominada \u201cVisi\u00f3n Atl\u00e1ntico\u201d, en la que combin\u00f3 experiencia personal, diagn\u00f3stico t\u00e9cnico y una propuesta concreta para la naci\u00f3n.<\/p>\n\n\n\n<p class=\"wp-block-paragraph\">Verano record\u00f3 su paso por la Electrificadora del Atl\u00e1ntico y por Corelca, y afirm\u00f3 que esa experiencia le otorga la autoridad para sostener que los problemas actuales del sistema energ\u00e9tico nacional vienen desde hace mucho tiempo, pero es momento de superarlos.<\/p>\n\n\n\n<p class=\"wp-block-paragraph\">Explic\u00f3 que Colombia separ\u00f3 hace a\u00f1os las actividades del sector en generaci\u00f3n, transmisi\u00f3n, distribuci\u00f3n y comercializaci\u00f3n, cada una con su propia l\u00f3gica de negocio.<\/p>\n\n\n\n<p class=\"wp-block-paragraph\">\u201cSin embargo, hay un elemento que nunca se fragment\u00f3: la factura, que llega completa a la casa del usuario y termina pagando el ciudadano cuando algo falla en la cadena\u201d, advirti\u00f3.<\/p>\n\n\n\n<p class=\"wp-block-paragraph\">El gobernador tambi\u00e9n hizo remembranza en su discurso de lo que signific\u00f3 la Corporaci\u00f3n El\u00e9ctrica de la Costa Caribe (Corelca) y la necesidad de reconstruirla para la regi\u00f3n.<\/p>\n\n\n\n<p class=\"wp-block-paragraph\">\u201cFue mucho m\u00e1s que una empresa; fue una herramienta para planificar la energ\u00eda del Caribe desde una l\u00f3gica propia, cuya desaparici\u00f3n como instrumento integrador le hizo perder a la regi\u00f3n la capacidad de pensarse como un sistema energ\u00e9tico regional\u201d, enfatiz\u00f3.<\/p>\n\n\n\n<p class=\"wp-block-paragraph\">No obstante, aclar\u00f3 que su propuesta no busca regresar al pasado, sino recuperar ese esp\u00edritu. \u201cEsto es descentralizaci\u00f3n. Esto es autonom\u00eda. Esto es reconocer que Colombia es un pa\u00eds de regiones\u201d, sostuvo, al insistir en que la pol\u00edtica energ\u00e9tica del Caribe debe pensarse desde el propio territorio.<\/p>\n\n\n\n<p class=\"wp-block-paragraph\">El mandatario reiter\u00f3 su reclamo por una tarifa que reconozca las condiciones clim\u00e1ticas de la regi\u00f3n. Record\u00f3 que la Unidad de Planeaci\u00f3n Minero-Energ\u00e9tica (UPME) ha documentado el peso del consumo por enfriamiento en Barranquilla, Cartagena y Monter\u00eda, ciudades donde el aire acondicionado no es un lujo, sino una necesidad.<\/p>\n\n\n\n<p class=\"wp-block-paragraph\">\u201cNo estamos pidiendo privilegios, estamos pidiendo equidad\u201d, afirm\u00f3 Verano, al cuestionar que se dise\u00f1e la pol\u00edtica tarifaria como si todos los colombianos vivieran bajo las mismas condiciones clim\u00e1ticas.<\/p>\n\n\n\n<p class=\"wp-block-paragraph\">Para el mandatario, castigar mediante las tarifas altas al Caribe por consumir m\u00e1s energ\u00eda porque los ciudadanos \u201cse refrescan\u201d equivale a desconocer su realidad.<\/p>\n\n\n\n<p class=\"wp-block-paragraph\">TERRITORIO DE OPORTUNIDADES<\/p>\n\n\n\n<p class=\"wp-block-paragraph\">La participaci\u00f3n del gobernador Verano dio un giro hacia las oportunidades de la regi\u00f3n al enumerar los activos con los que cuenta el Caribe para liderar la transici\u00f3n energ\u00e9tica del pa\u00eds: sol, viento, gas, mar, puertos, territorio, industria y talento.<\/p>\n\n\n\n<p class=\"wp-block-paragraph\">\u201cEs una combinaci\u00f3n que califico como una ventaja competitiva extraordinaria para producir energ\u00eda limpia y conectarla con el mundo\u201d, precis\u00f3.<\/p>\n\n\n\n<p class=\"wp-block-paragraph\">Como evidencia de que la transici\u00f3n ya est\u00e1 en marcha, cit\u00f3 proyectos concretos que hoy se desarrollan en la regi\u00f3n como Guayepo I, II y III, el Parque Solar Atl\u00e1ntico, iniciativas solares de Gecelca y desarrollos de transmisi\u00f3n, adem\u00e1s del potencial identificado en energ\u00eda e\u00f3lica marina, hidr\u00f3geno verde, biog\u00e1s y gases renovables; sin embargo, precis\u00f3 que ese potencial no basta por s\u00ed solo.<\/p>\n\n\n\n<p class=\"wp-block-paragraph\">\u201cNo basta con producir energ\u00eda. Tenemos que poder transportarla, almacenarla, distribuirla y venderla\u201d, advirti\u00f3, al recordar que sin l\u00edneas de transmisi\u00f3n suficientes los megavatios no se traducen en desarrollo ni en empleo para los territorios que los generan.<\/p>\n\n\n\n<p class=\"wp-block-paragraph\">Para articular esa visi\u00f3n, el gobernador present\u00f3 el Plan Caribe Energ\u00e9tico 2026-2030, un instrumento que agrupa 49 iniciativas en materia de generaci\u00f3n, almacenamiento, transmisi\u00f3n, distribuci\u00f3n, sostenibilidad financiera, competitividad y gobernanza regional.<\/p>\n\n\n\n<p class=\"wp-block-paragraph\">\u201cNosotros no queremos simplemente generar m\u00e1s energ\u00eda; queremos construir un nuevo modelo energ\u00e9tico para el Caribe\u201d, puntualiz\u00f3.<\/p>\n\n\n\n<p class=\"wp-block-paragraph\">DESAF\u00cdOS A MINENERG\u00cdA<\/p>\n\n\n\n<p class=\"wp-block-paragraph\">Verano se dirigi\u00f3 directamente a la ministra de Minas y Energ\u00eda, Mar\u00eda Nohem\u00ed Arboleda, tras destacar haber le\u00eddo sus planteamientos sobre los desaf\u00edos del sector, y expres\u00f3 coincidencia en cinco tareas urgentes: garantizar la confiabilidad, fortalecer la transmisi\u00f3n, acelerar proyectos, asegurar energ\u00eda firme y recuperar la capacidad de inversi\u00f3n de la cadena.<\/p>\n\n\n\n<p class=\"wp-block-paragraph\">A esa lista, el mandatario sum\u00f3 una sexta tarea que consider\u00f3 indispensable. \u201cHay que regionalizar la soluci\u00f3n, porque el problema no se resuelve \u00fanicamente desde Bogot\u00e1; hay decisiones, inversiones y potencialidades que solo pueden entenderse y priorizarse desde el territorio, en l\u00ednea con la descentralizaci\u00f3n que la RAP Caribe promueve\u201d, anot\u00f3.<\/p>\n\n\n\n<p class=\"wp-block-paragraph\">El gobernador tambi\u00e9n advirti\u00f3 sobre el riesgo de repetir errores del pasado. Record\u00f3 el apag\u00f3n que vivi\u00f3 Colombia en la d\u00e9cada de 1990 y fue categ\u00f3rico al se\u00f1alar que \u201cla energ\u00eda no se puede improvisar\u201d, por lo que inst\u00f3 a anticiparse antes de que falte el agua, el gas o la capacidad de transmisi\u00f3n del sistema.<\/p>\n\n\n\n<p class=\"wp-block-paragraph\">Uno de los mensajes centrales del gobernador del Atl\u00e1ntico fue su llamado a resolver de manera definitiva la situaci\u00f3n de las empresas Air-e y Afinia. En ese sentido, fue enf\u00e1tico al pedir que se abandonen las soluciones temporales.<\/p>\n\n\n\n<p class=\"wp-block-paragraph\">\u201cNo queremos otra soluci\u00f3n temporal, ni otro alivio, ni otro parche. Tenemos que construir una soluci\u00f3n empresarial regional para el servicio de energ\u00eda del Caribe, explorando figuras como una empresa de econom\u00eda mixta o una alianza p\u00fablico-privada con participaci\u00f3n de la Naci\u00f3n, los departamentos, inversionistas y trabajadores\u201d, se\u00f1al\u00f3.<\/p>\n\n\n\n<p class=\"wp-block-paragraph\">Esa nueva figura, explic\u00f3, deber\u00e1 contar con un gobierno corporativo serio, capital suficiente, capacidad t\u00e9cnica y metas de eficiencia, con el prop\u00f3sito de fondo de integrar la cadena para que las p\u00e9rdidas del sistema no recaigan siempre sobre el \u00faltimo eslab\u00f3n, el que lleva la energ\u00eda hasta la casa del usuario.<\/p>\n\n\n\n<p class=\"wp-block-paragraph\">Plante\u00f3 la necesidad de una nueva institucionalidad empresarial capaz de comprar, generar, almacenar, comercializar e invertir en nuevas fuentes de energ\u00eda, con una visi\u00f3n que trascienda el corto plazo fiscal.<\/p>\n","protected":false},"excerpt":{"rendered":"<p>El gobernador del Atl\u00e1ntico y presidente de la Regi\u00f3n Administrativa y de Planificaci\u00f3n (RAP Caribe), Eduardo Verano, present\u00f3 ante el sector el\u00e9ctrico del pa\u00eds una hoja de ruta para transformar el modelo energ\u00e9tico de la regi\u00f3n Caribe y plante\u00f3 una petici\u00f3n directa a la ministra de Minas y Energ\u00eda. Ante generadores, transportadores, distribuidores, comercializadores, reguladores&#8230;<\/p>\n","protected":false},"author":2,"featured_media":5784,"comment_status":"closed","ping_status":"","sticky":false,"template":"","format":"standard","meta":{"rs_blank_template":"","rs_page_bg_color":"","slide_template_v7":"","_kad_post_transparent":"","_kad_post_title":"","_kad_post_layout":"","_kad_post_sidebar_id":"","_kad_post_content_style":"","_kad_post_vertical_padding":"","_kad_post_feature":"","_kad_post_feature_position":"","_kad_post_header":false,"_kad_post_footer":false,"_kad_post_classname":"","footnotes":""},"categories":[50],"tags":[],"class_list":["post-5783","post","type-post","status-publish","format-standard","has-post-thumbnail","hentry","category-generales"],"_links":{"self":[{"href":"https:\/\/universoradio.co\/index.php?rest_route=\/wp\/v2\/posts\/5783","targetHints":{"allow":["GET"]}}],"collection":[{"href":"https:\/\/universoradio.co\/index.php?rest_route=\/wp\/v2\/posts"}],"about":[{"href":"https:\/\/universoradio.co\/index.php?rest_route=\/wp\/v2\/types\/post"}],"author":[{"embeddable":true,"href":"https:\/\/universoradio.co\/index.php?rest_route=\/wp\/v2\/users\/2"}],"replies":[{"embeddable":true,"href":"https:\/\/universoradio.co\/index.php?rest_route=%2Fwp%2Fv2%2Fcomments&post=5783"}],"version-history":[{"count":1,"href":"https:\/\/universoradio.co\/index.php?rest_route=\/wp\/v2\/posts\/5783\/revisions"}],"predecessor-version":[{"id":5785,"href":"https:\/\/universoradio.co\/index.php?rest_route=\/wp\/v2\/posts\/5783\/revisions\/5785"}],"wp:featuredmedia":[{"embeddable":true,"href":"https:\/\/universoradio.co\/index.php?rest_route=\/wp\/v2\/media\/5784"}],"wp:attachment":[{"href":"https:\/\/universoradio.co\/index.php?rest_route=%2Fwp%2Fv2%2Fmedia&parent=5783"}],"wp:term":[{"taxonomy":"category","embeddable":true,"href":"https:\/\/universoradio.co\/index.php?rest_route=%2Fwp%2Fv2%2Fcategories&post=5783"},{"taxonomy":"post_tag","embeddable":true,"href":"https:\/\/universoradio.co\/index.php?rest_route=%2Fwp%2Fv2%2Ftags&post=5783"}],"curies":[{"name":"wp","href":"https:\/\/api.w.org\/{rel}","templated":true}]}}