{"id":5786,"date":"2026-08-23T11:38:00","date_gmt":"2026-08-23T16:38:00","guid":{"rendered":"https:\/\/universoradio.co\/?p=5786"},"modified":"2026-08-23T11:38:00","modified_gmt":"2026-08-23T16:38:00","slug":"atlantico-fortalece-su-hoja-de-ruta-para-cerrar-brechas-de-genero","status":"publish","type":"post","link":"https:\/\/universoradio.co\/?p=5786","title":{"rendered":"Atl\u00e1ntico fortalece su hoja de ruta para cerrar brechas de g\u00e9nero"},"content":{"rendered":"\n<ul class=\"wp-block-list\">\n<li>El primer comit\u00e9 de seguimiento de 2026 revis\u00f3 los resultados de la Pol\u00edtica P\u00fablica de Mujer y Equidad de G\u00e9nero \u2014creada en noviembre de 2011, al cierre del primer mandato de Eduardo Verano\u2014 y defini\u00f3 acciones de mejora para sus seis ejes estrat\u00e9gicos.<\/li>\n\n\n\n<li>Entre 2024 y el primer semestre de 2026, 6000 mujeres accedieron a programas de autonom\u00eda econ\u00f3mica y 1900 personas se formaron en igualdad, prevenci\u00f3n de violencias y masculinidades corresponsables.<\/li>\n<\/ul>\n\n\n\n<p class=\"has-drop-cap wp-block-paragraph\">La Gobernaci\u00f3n del Atl\u00e1ntico realiz\u00f3 el primer comit\u00e9 de seguimiento de 2026 a la Pol\u00edtica P\u00fablica de Mujer y Equidad de G\u00e9nero 2022-2032, con la participaci\u00f3n de dependencias departamentales, entidades nacionales \u2014entre ellas Prosperidad Social y la Defensor\u00eda del Pueblo\u2014 y representantes del Consejo Consultivo de Mujeres. La jornada permiti\u00f3 evaluar los resultados obtenidos entre 2024 y el primer semestre de 2026, as\u00ed como acordar nuevas acciones para avanzar en el cierre de brechas de g\u00e9nero.<\/p>\n\n\n\n<p class=\"wp-block-paragraph\">En cumplimiento de la Ordenanza Departamental 575 de 2022, las entidades responsables presentaron los avances de los seis ejes de la pol\u00edtica p\u00fablica \u201cAtl\u00e1ntico para las Mujeres\u201d, relacionados con igualdad de oportunidades, prevenci\u00f3n de violencias basadas en g\u00e9nero, autonom\u00eda econ\u00f3mica, participaci\u00f3n pol\u00edtica y acceso a la educaci\u00f3n y a la tecnolog\u00eda.<\/p>\n\n\n\n<p class=\"wp-block-paragraph\">Ang\u00e9lica Uribe, coordinadora del \u00e1rea de Pol\u00edticas P\u00fablicas de la Secretar\u00eda de la Mujer y Equidad de G\u00e9nero, destac\u00f3 que el ejercicio permiti\u00f3 revisar tanto los logros como los aspectos por fortalecer.<\/p>\n\n\n\n<p class=\"wp-block-paragraph\">\u201cEn un trabajo articulado entre el Consejo Consultivo de Mujeres y la institucionalidad, analizamos los avances y las acciones de mejora necesarias para disminuir las brechas de desigualdad en el departamento\u201d, afirm\u00f3.<\/p>\n\n\n\n<p class=\"wp-block-paragraph\">En materia de transformaci\u00f3n cultural e institucional, cerca de 1900 servidores p\u00fablicos, docentes y participantes del programa MACHO+ recibieron formaci\u00f3n en igualdad de g\u00e9nero, prevenci\u00f3n de violencias y masculinidades corresponsables. Tambi\u00e9n se destac\u00f3 el convenio para crear en Polonuevo la primera Casa para la Dignidad de las Mujeres del Atl\u00e1ntico, destinada a fortalecer la atenci\u00f3n integral.<\/p>\n\n\n\n<p class=\"wp-block-paragraph\">La Ruta Integral de Atenci\u00f3n a Mujeres V\u00edctimas de Violencias Basadas en G\u00e9nero pas\u00f3 de atender 234 casos en 2024 a 911 en 2025, apoyada en servicios presenciales y virtuales, y en la l\u00ednea de atenci\u00f3n permanente. A este trabajo se suman Rena-Ser, las Redes de Sororidad, las jornadas de sensibilizaci\u00f3n en los territorios y la articulaci\u00f3n con las entidades de justicia y protecci\u00f3n.<\/p>\n\n\n\n<p class=\"wp-block-paragraph\">Desde el sector salud se inform\u00f3 que cerca del 60 % de las instituciones evaluadas cumple la normativa para la prestaci\u00f3n de servicios dirigidos a las mujeres. Mar\u00eda Elena Menco, referente de Salud Mental y Poblaciones Vulnerables de la Secretar\u00eda de Salud del Atl\u00e1ntico, se\u00f1al\u00f3 que el siguiente paso ser\u00e1 implementar planes de mejoramiento y optimizar el intercambio de informaci\u00f3n entre las comisar\u00edas de familia y las entidades de la ruta de atenci\u00f3n.<\/p>\n\n\n\n<p class=\"wp-block-paragraph\">En autonom\u00eda econ\u00f3mica, 6000 mujeres resultaron beneficiadas con programas de emprendimiento, formaci\u00f3n para el trabajo, comercializaci\u00f3n, educaci\u00f3n financiera y transformaci\u00f3n digital. Entre las acciones se cuentan la formaci\u00f3n de 25 mujeres como operarias de montacargas, el fortalecimiento de asociaciones productivas y el apoyo a artesanas y agroemprendedoras; adem\u00e1s, cerca de 500 mujeres participaron en ferias y eventos comerciales entre 2024 y 2026.<\/p>\n\n\n\n<p class=\"wp-block-paragraph\">Las representantes del Consejo Consultivo valoraron el comit\u00e9 como un espacio de participaci\u00f3n y di\u00e1logo con la institucionalidad, y solicitaron fortalecer la asistencia t\u00e9cnica, ampliar las garant\u00edas para acceder a convocatorias aliadas e impulsar proyectos sobre cambio clim\u00e1tico, participaci\u00f3n pol\u00edtica y derechos de las mujeres. La consejera departamental de juventudes, Yurem Tatiana Torres, plante\u00f3, adem\u00e1s, gestionar recursos de cooperaci\u00f3n nacional e internacional para ampliar el alcance de la pol\u00edtica p\u00fablica.<\/p>\n\n\n\n<p class=\"wp-block-paragraph\">Alma Mendoza Camargo, consejera consultiva del sector deporte, llam\u00f3 a complementar los reportes de actividades con una medici\u00f3n sostenida de resultados. \u201cReconocemos los avances, pero a\u00fan falta mucho por hacer. No solo debemos mirar el n\u00famero de talleres, eventos y capacitaciones, sino medir el impacto de los programas y hacer seguimiento continuo a sus indicadores\u201d, expres\u00f3.<\/p>\n\n\n\n<p class=\"wp-block-paragraph\">La Gobernaci\u00f3n del Atl\u00e1ntico continuar\u00e1 articulando esfuerzos con entidades nacionales, departamentales y municipales para garantizar los derechos de las mujeres y consolidar un territorio m\u00e1s equitativo y libre de violencias. Quienes requieran orientaci\u00f3n jur\u00eddica o acompa\u00f1amiento psicosocial pueden comunicarse, las 24 horas del d\u00eda y los siete d\u00edas de la semana, a la l\u00ednea 316 797 5969, habilitada tambi\u00e9n en WhatsApp.<\/p>\n","protected":false},"excerpt":{"rendered":"<p>La Gobernaci\u00f3n del Atl\u00e1ntico realiz\u00f3 el primer comit\u00e9 de seguimiento de 2026 a la Pol\u00edtica P\u00fablica de Mujer y Equidad de G\u00e9nero 2022-2032, con la participaci\u00f3n de dependencias departamentales, entidades nacionales \u2014entre ellas Prosperidad Social y la Defensor\u00eda del Pueblo\u2014 y representantes del Consejo Consultivo de Mujeres. La jornada permiti\u00f3 evaluar los resultados obtenidos entre&#8230;<\/p>\n","protected":false},"author":2,"featured_media":5787,"comment_status":"closed","ping_status":"","sticky":false,"template":"","format":"standard","meta":{"rs_blank_template":"","rs_page_bg_color":"","slide_template_v7":"","_kad_post_transparent":"","_kad_post_title":"","_kad_post_layout":"","_kad_post_sidebar_id":"","_kad_post_content_style":"","_kad_post_vertical_padding":"","_kad_post_feature":"","_kad_post_feature_position":"","_kad_post_header":false,"_kad_post_footer":false,"_kad_post_classname":"","footnotes":""},"categories":[1],"tags":[],"class_list":["post-5786","post","type-post","status-publish","format-standard","has-post-thumbnail","hentry","category-uncategorized"],"_links":{"self":[{"href":"https:\/\/universoradio.co\/index.php?rest_route=\/wp\/v2\/posts\/5786","targetHints":{"allow":["GET"]}}],"collection":[{"href":"https:\/\/universoradio.co\/index.php?rest_route=\/wp\/v2\/posts"}],"about":[{"href":"https:\/\/universoradio.co\/index.php?rest_route=\/wp\/v2\/types\/post"}],"author":[{"embeddable":true,"href":"https:\/\/universoradio.co\/index.php?rest_route=\/wp\/v2\/users\/2"}],"replies":[{"embeddable":true,"href":"https:\/\/universoradio.co\/index.php?rest_route=%2Fwp%2Fv2%2Fcomments&post=5786"}],"version-history":[{"count":1,"href":"https:\/\/universoradio.co\/index.php?rest_route=\/wp\/v2\/posts\/5786\/revisions"}],"predecessor-version":[{"id":5788,"href":"https:\/\/universoradio.co\/index.php?rest_route=\/wp\/v2\/posts\/5786\/revisions\/5788"}],"wp:featuredmedia":[{"embeddable":true,"href":"https:\/\/universoradio.co\/index.php?rest_route=\/wp\/v2\/media\/5787"}],"wp:attachment":[{"href":"https:\/\/universoradio.co\/index.php?rest_route=%2Fwp%2Fv2%2Fmedia&parent=5786"}],"wp:term":[{"taxonomy":"category","embeddable":true,"href":"https:\/\/universoradio.co\/index.php?rest_route=%2Fwp%2Fv2%2Fcategories&post=5786"},{"taxonomy":"post_tag","embeddable":true,"href":"https:\/\/universoradio.co\/index.php?rest_route=%2Fwp%2Fv2%2Ftags&post=5786"}],"curies":[{"name":"wp","href":"https:\/\/api.w.org\/{rel}","templated":true}]}}