{"id":5792,"date":"2026-08-23T12:36:14","date_gmt":"2026-08-23T17:36:14","guid":{"rendered":"https:\/\/universoradio.co\/?p=5792"},"modified":"2026-08-23T12:36:14","modified_gmt":"2026-08-23T17:36:14","slug":"rebolo-vuelve-a-contar-su-historia-en-las-calles-don-bosco-se-transformara-en-un-nuevo-museo-a-cielo-abierto","status":"publish","type":"post","link":"https:\/\/universoradio.co\/?p=5792","title":{"rendered":"Rebolo vuelve a contar su historia en las calles: Don Bosco se transformar\u00e1 en un nuevo museo a cielo abierto\u00a0"},"content":{"rendered":"\n<ul class=\"wp-block-list\">\n<li><strong>La nueva intervenci\u00f3n recuperar\u00e1 3.543 m\u00b2 de fachadas y espacio p\u00fablico y contar\u00e1 con la participaci\u00f3n de m\u00e1s de 40 artistas.<\/strong><\/li>\n\n\n\n<li><strong>Con Don Bosco, la estrategia Museo a Cielo Abierto superar\u00e1 los 15.000 m\u00b2 intervenidos en Barranquilla.<\/strong><\/li>\n<\/ul>\n\n\n\n<p class=\"wp-block-paragraph\">Hay lugares que no necesitan una nueva historia. Necesitan que volvamos a contar la que ya tienen. Eso es lo que comienza a suceder en Rebolo, donde la Alcald\u00eda Distrital de Barranquilla anunci\u00f3 una intervenci\u00f3n integral en el entorno del colegio Don Bosco que combinar\u00e1 mejoramiento urbano, recuperaci\u00f3n del espacio p\u00fablico, participaci\u00f3n comunitaria y arte para convertir sus calles en una nueva galer\u00eda a cielo abierto.<\/p>\n\n\n\n<p class=\"wp-block-paragraph\">\u201cRebolo es parte de lo que somos como Barranquilla. Aqu\u00ed hay historia, cultura, Carnaval, m\u00fasica y una comunidad que durante generaciones ha construido ciudad. Por eso esta intervenci\u00f3n es tan especial. Estamos llevando el arte a las calles y ahora llegamos a Don Bosco, donde artistas convertir\u00e1n estos muros en una gran galer\u00eda para este barrio y toda Barranquilla\u201d, se\u00f1al\u00f3 el alcalde Alejandro Char.<\/p>\n\n\n\n<p class=\"wp-block-paragraph\">La intervenci\u00f3n contempla la rehabilitaci\u00f3n de bordillos, placas de concreto y jardineras, adem\u00e1s de la recuperaci\u00f3n de las cuatro fachadas perimetrales del colegio Don Bosco, que representan\u00a03.543 metros cuadrados de superficie. Pero la apuesta va mucho m\u00e1s all\u00e1 de recuperar f\u00edsicamente un espacio.<\/p>\n\n\n\n<p class=\"wp-block-paragraph\">\u201cUna ciudad tambi\u00e9n se recupera cuando vuelve a reconocer el valor de sus barrios, de sus historias y de las personas que han construido su identidad. En Rebolo estamos revitalizando espacios para que esa historia vuelva a verse, sentirse y contarse. Eso es lo que hace el arte cuando se encuentra con el espacio p\u00fablico, transforma un muro en memoria, un lugar en punto de encuentro y un barrio en parte visible de la ciudad que queremos mostrar al mundo\u201d, expres\u00f3 Ana Mar\u00eda Aljure, gerente de Ciudad de Barranquilla.<\/p>\n\n\n\n<p class=\"wp-block-paragraph\">El proyecto tendr\u00e1 un componente art\u00edstico que incluye el alistamiento y preparaci\u00f3n de las superficies, una convocatoria de artistas, un proceso de cocreaci\u00f3n con participaci\u00f3n de la comunidad y la intervenci\u00f3n de m\u00e1s de 40 artistas, que convertir\u00e1n los muros del colegio en grandes lienzos para contar historias de Barranquilla.<\/p>\n\n\n\n<p class=\"wp-block-paragraph\">Las cuatro fachadas, ubicadas sobre las calles 17 y 21 y las carreras 30 y 32, dejar\u00e1n de ser simplemente los l\u00edmites f\u00edsicos del colegio para convertirse en parte del nuevo Museo a Cielo Abierto Don Bosco.<\/p>\n\n\n\n<p class=\"wp-block-paragraph\"><strong>El arte como herramienta para recuperar ciudad<\/strong><\/p>\n\n\n\n<p class=\"wp-block-paragraph\">Don Bosco ser\u00e1 la quinta zona de una estrategia de ciudad que entiende el arte, la memoria colectiva y la participaci\u00f3n ciudadana como herramientas para revitalizar y transformar el espacio urbano.<\/p>\n\n\n\n<p class=\"wp-block-paragraph\">A la fecha, la iniciativa Museo a Cielo Abierto ha intervenido m\u00e1s de 12.000 metros cuadrados convertidos en murales en cuatro zonas de Barranquilla como son los callejones del Prado, Barrio Abajo, mercado Gran Bazar y Malec\u00f3n de Rebolo.<\/p>\n\n\n\n<p class=\"wp-block-paragraph\"><strong>Un barrio que tiene mucho que contar<\/strong><\/p>\n\n\n\n<p class=\"wp-block-paragraph\">Rebolo es uno de los territorios que guarda una parte fundamental de la memoria popular de Barranquilla. Su historia est\u00e1 ligada a la m\u00fasica, el Carnaval, las expresiones culturales de los barrios y a generaciones de barranquilleros que han construido desde sus calles parte de la identidad de la ciudad.<\/p>\n\n\n\n<p class=\"wp-block-paragraph\">De este territorio sali\u00f3 Nelson Pinedo, quien pas\u00f3 de los barrios populares de Barranquilla a convertirse en una voz internacional del Caribe y fue el primer colombiano en cantar con la Sonora Matancera.<\/p>\n\n\n\n<p class=\"wp-block-paragraph\">Tambi\u00e9n hace parte de esta memoria la tradici\u00f3n carnavalera que representa Mar\u00eda Mo\u00f1itos, un personaje profundamente ligado a la cultura popular y a esas expresiones que nacieron y se fortalecieron en las calles, verbenas y fiestas de barrio.<\/p>\n\n\n\n<p class=\"wp-block-paragraph\">Y en el coraz\u00f3n de esta intervenci\u00f3n est\u00e1 Don Bosco, cuya historia tambi\u00e9n habla de transformaci\u00f3n social. El Centro Social naci\u00f3 de la visi\u00f3n del padre Stanley Matutis, quien trabaj\u00f3 para convertir aquel sector en un lugar de educaci\u00f3n, formaci\u00f3n, deporte, trabajo y dignidad. Ahora, ese mismo entorno vuelve a ser escenario de una transformaci\u00f3n. Las calles ser\u00e1n el museo, los muros ser\u00e1n el lienzo y la memoria de Rebolo ser\u00e1 parte de la historia que Barranquilla le cuenta al mundo.<\/p>\n","protected":false},"excerpt":{"rendered":"<p>Hay lugares que no necesitan una nueva historia. Necesitan que volvamos a contar la que ya tienen. Eso es lo que comienza a suceder en Rebolo, donde la Alcald\u00eda Distrital de Barranquilla anunci\u00f3 una intervenci\u00f3n integral en el entorno del colegio Don Bosco que combinar\u00e1 mejoramiento urbano, recuperaci\u00f3n del espacio p\u00fablico, participaci\u00f3n comunitaria y arte&#8230;<\/p>\n","protected":false},"author":2,"featured_media":5793,"comment_status":"closed","ping_status":"","sticky":false,"template":"","format":"standard","meta":{"rs_blank_template":"","rs_page_bg_color":"","slide_template_v7":"","_kad_post_transparent":"","_kad_post_title":"","_kad_post_layout":"","_kad_post_sidebar_id":"","_kad_post_content_style":"","_kad_post_vertical_padding":"","_kad_post_feature":"","_kad_post_feature_position":"","_kad_post_header":false,"_kad_post_footer":false,"_kad_post_classname":"","footnotes":""},"categories":[54],"tags":[],"class_list":["post-5792","post","type-post","status-publish","format-standard","has-post-thumbnail","hentry","category-barranquilla"],"_links":{"self":[{"href":"https:\/\/universoradio.co\/index.php?rest_route=\/wp\/v2\/posts\/5792","targetHints":{"allow":["GET"]}}],"collection":[{"href":"https:\/\/universoradio.co\/index.php?rest_route=\/wp\/v2\/posts"}],"about":[{"href":"https:\/\/universoradio.co\/index.php?rest_route=\/wp\/v2\/types\/post"}],"author":[{"embeddable":true,"href":"https:\/\/universoradio.co\/index.php?rest_route=\/wp\/v2\/users\/2"}],"replies":[{"embeddable":true,"href":"https:\/\/universoradio.co\/index.php?rest_route=%2Fwp%2Fv2%2Fcomments&post=5792"}],"version-history":[{"count":1,"href":"https:\/\/universoradio.co\/index.php?rest_route=\/wp\/v2\/posts\/5792\/revisions"}],"predecessor-version":[{"id":5794,"href":"https:\/\/universoradio.co\/index.php?rest_route=\/wp\/v2\/posts\/5792\/revisions\/5794"}],"wp:featuredmedia":[{"embeddable":true,"href":"https:\/\/universoradio.co\/index.php?rest_route=\/wp\/v2\/media\/5793"}],"wp:attachment":[{"href":"https:\/\/universoradio.co\/index.php?rest_route=%2Fwp%2Fv2%2Fmedia&parent=5792"}],"wp:term":[{"taxonomy":"category","embeddable":true,"href":"https:\/\/universoradio.co\/index.php?rest_route=%2Fwp%2Fv2%2Fcategories&post=5792"},{"taxonomy":"post_tag","embeddable":true,"href":"https:\/\/universoradio.co\/index.php?rest_route=%2Fwp%2Fv2%2Ftags&post=5792"}],"curies":[{"name":"wp","href":"https:\/\/api.w.org\/{rel}","templated":true}]}}