{"id":5795,"date":"2026-09-03T14:15:10","date_gmt":"2026-09-03T19:15:10","guid":{"rendered":"https:\/\/universoradio.co\/?p=5795"},"modified":"2026-09-03T14:15:10","modified_gmt":"2026-09-03T19:15:10","slug":"presidente-de-la-espriella-ratifico-su-compromiso-con-la-descentralizacion-financiera-para-los-grandes-proyectos-de-infraestructura","status":"publish","type":"post","link":"https:\/\/universoradio.co\/?p=5795","title":{"rendered":"Presidente De La Espriella ratific\u00f3 su compromiso con la descentralizaci\u00f3n financiera para los grandes proyectos de infraestructura"},"content":{"rendered":"\n<p class=\"has-drop-cap wp-block-paragraph\">La Naci\u00f3n pondr\u00e1 al servicio de las ciudades y sus Alcald\u00edas toda su capacidad financiera, t\u00e9cnica e institucional para sacar adelante los grandes proyectos de infraestructura que se necesitan para mejorar la calidad de vida de sus habitantes, reiter\u00f3 este mi\u00e9rcoles el Presidente de la Rep\u00fablica, Abelardo De La Espriella.<\/p>\n\n\n\n<p class=\"wp-block-paragraph\">Al instalar el \u2018Encuentro de Alcaldes de la Red de Ciudades del Banco interamericano de Desarrollo \u2013 BID, en la capital del pa\u00eds, el Mandatario insisti\u00f3 en la necesidad de fortalecer la descentralizaci\u00f3n administrativa, una de sus banderas de Gobierno.<\/p>\n\n\n\n<p class=\"wp-block-paragraph\">\u201cLa naci\u00f3n tiene el deber de ayudar desde su capacidad financiera, t\u00e9cnica e institucional, pero las soluciones urbanas no pueden ni deben dise\u00f1arse desde el centro del pa\u00eds. Debe ser en los territorios, con los alcaldes, con los gobernadores. Quiero llevar esa misi\u00f3n l\u00f3gica a la relaci\u00f3n con la banca multilateral\u2019, afirm\u00f3 el Presidente de la Rep\u00fablica.<\/p>\n\n\n\n<p class=\"wp-block-paragraph\">Al referirse a los recursos de empr\u00e9stito internacional que se requieren para sacar adelante las grandes obras, el Presidente De La Espriella dijo que el Gobierno Nacional abrir\u00e1 caminos para que el cr\u00e9dito, las garant\u00edas y la asistencia t\u00e9cnica puedan llegar de manera mucho m\u00e1s directa a las ciudades, que es donde est\u00e1n las necesidades y donde se adoptan las decisiones que afectan la vida cotidiana de los ciudadanos.<\/p>\n\n\n\n<p class=\"wp-block-paragraph\">\u201cNo es razonable que todos los recursos tengan que hacer escala en el Gobierno Nacional para despu\u00e9s comenzar un largo trayecto hasta el territorio donde finalmente ser\u00e1 ejecutado el proyecto\u2019, asegur\u00f3.<\/p>\n\n\n\n<p class=\"wp-block-paragraph\">En ese sentido, el Jefe de Estado se\u00f1al\u00f3 que su administraci\u00f3n \u201ctiene el prop\u00f3sito de trabajar con alcaldes y autoridades locales, respetando sus competencias, pero partiendo de algo elemental, sencillo, pr\u00e1ctico: quien gobierna un territorio conoce mejor sus problemas que cualquier funcionario del orden nacional\u2019.<\/p>\n\n\n\n<p class=\"wp-block-paragraph\">De acuerdo con el Presidente de La Espriella, durante d\u00e9cadas el Estado crey\u00f3 que gobernar bien significaba concentrar las decisiones en Bogot\u00e1, por ello aclar\u00f3 que, desde su posesi\u00f3n, el pasado 7 de agosto, dej\u00f3 sentado que su visi\u00f3n es diametralmente opuesta: \u201cCuanto m\u00e1s cerca del ciudadano pueda tomarse una decisi\u00f3n, mayores posibilidades existen de que esa decisi\u00f3n sea la adecuada, sea la apropiada\u2019, dijo.<\/p>\n\n\n\n<p class=\"wp-block-paragraph\">Las reflexiones del Jefe de Estado en la apertura del encuentro con la Red de Alcaldes de Ciudades del BID le permitieron ratificar su compromiso con el metro de Bogot\u00e1.<\/p>\n\n\n\n<p class=\"wp-block-paragraph\">\u201cComo presidente de la Rep\u00fablica de Colombia he asumido el compromiso insoslayable de contribuir a la terminaci\u00f3n de la l\u00ednea n\u00famero 1, y avanzar en las l\u00edneas 2 y 3, y comenzar a pensar desde ahora en la l\u00ednea 4. No tiene sentido construir miles de viviendas para salir despu\u00e9s a resolver el problema de la movilidad de sus habitantes, el de los colegios, el de los servicios p\u00fablicos o el del sistema de transporte p\u00fablico que los atender\u00e1\u2019, explic\u00f3.<\/p>\n\n\n\n<p class=\"wp-block-paragraph\">El Presidente De La Espriella asegur\u00f3 que el tema de la movilidad forma parte inseparable de la calidad de vida de los ciudadanos.<\/p>\n\n\n\n<p class=\"wp-block-paragraph\">\u201cUn ciudadano que debe pasar buena parte del d\u00eda desplaz\u00e1ndose entre su casa y el trabajo est\u00e1 sacrificando una porci\u00f3n importante, sustantiva, fundamental, considerable de su vida, de su semana. Es tiempo que deja de compartir con la familia, de estudiar, de descansar, de hacer deporte o de simplemente de no hacer nada. Por eso en mi Gobierno tenemos como premisa que la pol\u00edtica de movilidad no puede medirse \u00fanicamente en t\u00e9rminos de kil\u00f3metros y v\u00edas construidas, sino tambi\u00e9n en el tiempo que se consigue devolverles a sus ciudadanos para que vivan su vida como quieran vivirla\u2019, dijo el Mandatario.<\/p>\n\n\n\n<p class=\"wp-block-paragraph\">El Jefe de Estado concluy\u00f3 con un mensaje para los alcaldes presentes: \u201cUstedes en sus ciudades deben propender por un transporte p\u00fablico cada vez m\u00e1s eficiente, por una red vial en buen estado, por mejores conexiones y por una buena infraestructura peatonal. Todo esto acompa\u00f1ado de la mejor planeaci\u00f3n posible. Bogot\u00e1 es un ejemplo de lo que significa pensar una obra por encima de un per\u00edodo de gobierno\u2019.<\/p>\n","protected":false},"excerpt":{"rendered":"<p>La Naci\u00f3n pondr\u00e1 al servicio de las ciudades y sus Alcald\u00edas toda su capacidad financiera, t\u00e9cnica e institucional para sacar adelante los grandes proyectos de infraestructura que se necesitan para mejorar la calidad de vida de sus habitantes, reiter\u00f3 este mi\u00e9rcoles el Presidente de la Rep\u00fablica, Abelardo De La Espriella. Al instalar el \u2018Encuentro de&#8230;<\/p>\n","protected":false},"author":2,"featured_media":5796,"comment_status":"closed","ping_status":"","sticky":false,"template":"","format":"standard","meta":{"rs_blank_template":"","rs_page_bg_color":"","slide_template_v7":"","_kad_post_transparent":"","_kad_post_title":"","_kad_post_layout":"","_kad_post_sidebar_id":"","_kad_post_content_style":"","_kad_post_vertical_padding":"","_kad_post_feature":"","_kad_post_feature_position":"","_kad_post_header":false,"_kad_post_footer":false,"_kad_post_classname":"","footnotes":""},"categories":[56],"tags":[],"class_list":["post-5795","post","type-post","status-publish","format-standard","has-post-thumbnail","hentry","category-nacional"],"_links":{"self":[{"href":"https:\/\/universoradio.co\/index.php?rest_route=\/wp\/v2\/posts\/5795","targetHints":{"allow":["GET"]}}],"collection":[{"href":"https:\/\/universoradio.co\/index.php?rest_route=\/wp\/v2\/posts"}],"about":[{"href":"https:\/\/universoradio.co\/index.php?rest_route=\/wp\/v2\/types\/post"}],"author":[{"embeddable":true,"href":"https:\/\/universoradio.co\/index.php?rest_route=\/wp\/v2\/users\/2"}],"replies":[{"embeddable":true,"href":"https:\/\/universoradio.co\/index.php?rest_route=%2Fwp%2Fv2%2Fcomments&post=5795"}],"version-history":[{"count":1,"href":"https:\/\/universoradio.co\/index.php?rest_route=\/wp\/v2\/posts\/5795\/revisions"}],"predecessor-version":[{"id":5797,"href":"https:\/\/universoradio.co\/index.php?rest_route=\/wp\/v2\/posts\/5795\/revisions\/5797"}],"wp:featuredmedia":[{"embeddable":true,"href":"https:\/\/universoradio.co\/index.php?rest_route=\/wp\/v2\/media\/5796"}],"wp:attachment":[{"href":"https:\/\/universoradio.co\/index.php?rest_route=%2Fwp%2Fv2%2Fmedia&parent=5795"}],"wp:term":[{"taxonomy":"category","embeddable":true,"href":"https:\/\/universoradio.co\/index.php?rest_route=%2Fwp%2Fv2%2Fcategories&post=5795"},{"taxonomy":"post_tag","embeddable":true,"href":"https:\/\/universoradio.co\/index.php?rest_route=%2Fwp%2Fv2%2Ftags&post=5795"}],"curies":[{"name":"wp","href":"https:\/\/api.w.org\/{rel}","templated":true}]}}