{"id":5798,"date":"2026-09-03T14:27:12","date_gmt":"2026-09-03T19:27:12","guid":{"rendered":"https:\/\/universoradio.co\/?p=5798"},"modified":"2026-09-03T14:27:12","modified_gmt":"2026-09-03T19:27:12","slug":"presidente-de-la-republica-ordena-reforzar-medidas-de-seguridad-de-los-magistrados-de-la-sala-de-casacion-penal-de-la-corte-suprema-de-justicia","status":"publish","type":"post","link":"https:\/\/universoradio.co\/?p=5798","title":{"rendered":"Presidente de la Rep\u00fablica ordena reforzar medidas de seguridad de los magistrados de la Sala de Casaci\u00f3n Penal de la Corte Suprema de Justicia\u00a0 \u00a0 \u00a0\u00a0 \u00a0 \u00a0\u00a0"},"content":{"rendered":"\n<p class=\"wp-block-paragraph\">\u201cHe recibido la preocupaci\u00f3n expresada por la Sala de Casaci\u00f3n Penal de la Corte Suprema de Justicia frente a la seguridad de sus magistrados. He dado instrucciones a la Polic\u00eda Nacional y a la UNP (Unidad Nacional de Protecci\u00f3n) para reforzar de inmediato todas las medidas necesarias para garantizar su protecci\u00f3n\u2019.<\/p>\n\n\n\n<p class=\"wp-block-paragraph\">As\u00ed lo anunci\u00f3 este mi\u00e9rcoles en la noche el Presidente Abelardo De La Espriella en un\u00a0<a href=\"https:\/\/x.com\/ABDELAESPRIELLA\/status\/2095317399121563853\" target=\"_blank\" rel=\"noopener\">me?nsaje<\/a>\u00a0publicado en su cuenta de X, en el cual envi\u00f3 un mensaje inequ\u00edvoco: \u201cLo ?que es con la Sala Penal de la Corte es conmigo. Quien se mete con la Corte, se mete con el Presidente de la Rep\u00fablica\u2019.<\/p>\n\n\n\n<p class=\"wp-block-paragraph\">\u201cEn Colombia \u2013sostuvo el Jefe de Estado\u2013, nadie puede amenazar, intimidar o pretender doblegar a un magistrado o a un juez y creer que no habr\u00e1 consecuencias. A quien lo intente le caer\u00e1 todo el peso de la ley\u2019.<\/p>\n\n\n\n<p class=\"wp-block-paragraph\">?\u201cSea quien sea que est\u00e9 detr\u00e1s de estas amenazas \u2013Kiko G\u00f3mez o cualquier otro\u2013 ser\u00e1 identificado, perseguido y llevado ante la justicia. Que quede claro c\u00f3mo son las cosas con este Gobierno: las instituciones se respetan, a los jueces se les garantiza su independencia y la justicia no se intimida\u2019, advirti\u00f3 el Presidente de la Rep\u00fablica.<\/p>\n","protected":false},"excerpt":{"rendered":"<p>\u201cHe recibido la preocupaci\u00f3n expresada por la Sala de Casaci\u00f3n Penal de la Corte Suprema de Justicia frente a la seguridad de sus magistrados. He dado instrucciones a la Polic\u00eda Nacional y a la UNP (Unidad Nacional de Protecci\u00f3n) para reforzar de inmediato todas las medidas necesarias para garantizar su protecci\u00f3n\u2019. As\u00ed lo anunci\u00f3 este&#8230;<\/p>\n","protected":false},"author":2,"featured_media":5799,"comment_status":"closed","ping_status":"","sticky":false,"template":"","format":"standard","meta":{"rs_blank_template":"","rs_page_bg_color":"","slide_template_v7":"","_kad_post_transparent":"","_kad_post_title":"","_kad_post_layout":"","_kad_post_sidebar_id":"","_kad_post_content_style":"","_kad_post_vertical_padding":"","_kad_post_feature":"","_kad_post_feature_position":"","_kad_post_header":false,"_kad_post_footer":false,"_kad_post_classname":"","footnotes":""},"categories":[56],"tags":[],"class_list":["post-5798","post","type-post","status-publish","format-standard","has-post-thumbnail","hentry","category-nacional"],"_links":{"self":[{"href":"https:\/\/universoradio.co\/index.php?rest_route=\/wp\/v2\/posts\/5798","targetHints":{"allow":["GET"]}}],"collection":[{"href":"https:\/\/universoradio.co\/index.php?rest_route=\/wp\/v2\/posts"}],"about":[{"href":"https:\/\/universoradio.co\/index.php?rest_route=\/wp\/v2\/types\/post"}],"author":[{"embeddable":true,"href":"https:\/\/universoradio.co\/index.php?rest_route=\/wp\/v2\/users\/2"}],"replies":[{"embeddable":true,"href":"https:\/\/universoradio.co\/index.php?rest_route=%2Fwp%2Fv2%2Fcomments&post=5798"}],"version-history":[{"count":1,"href":"https:\/\/universoradio.co\/index.php?rest_route=\/wp\/v2\/posts\/5798\/revisions"}],"predecessor-version":[{"id":5800,"href":"https:\/\/universoradio.co\/index.php?rest_route=\/wp\/v2\/posts\/5798\/revisions\/5800"}],"wp:featuredmedia":[{"embeddable":true,"href":"https:\/\/universoradio.co\/index.php?rest_route=\/wp\/v2\/media\/5799"}],"wp:attachment":[{"href":"https:\/\/universoradio.co\/index.php?rest_route=%2Fwp%2Fv2%2Fmedia&parent=5798"}],"wp:term":[{"taxonomy":"category","embeddable":true,"href":"https:\/\/universoradio.co\/index.php?rest_route=%2Fwp%2Fv2%2Fcategories&post=5798"},{"taxonomy":"post_tag","embeddable":true,"href":"https:\/\/universoradio.co\/index.php?rest_route=%2Fwp%2Fv2%2Ftags&post=5798"}],"curies":[{"name":"wp","href":"https:\/\/api.w.org\/{rel}","templated":true}]}}