{"id":5801,"date":"2026-09-03T14:43:05","date_gmt":"2026-09-03T19:43:05","guid":{"rendered":"https:\/\/universoradio.co\/?p=5801"},"modified":"2026-09-03T14:43:05","modified_gmt":"2026-09-03T19:43:05","slug":"c-r-a-y-estrategia-circular-mx-firman-acuerdo-para-impulsar-la-economia-circular-y-la-cooperacion-internacional","status":"publish","type":"post","link":"https:\/\/universoradio.co\/?p=5801","title":{"rendered":"C.R.A. y Estrategia Circular MX firman acuerdo para impulsar la econom\u00eda circular y la cooperaci\u00f3n internacional"},"content":{"rendered":"\n<figure class=\"wp-block-table\"><table class=\"has-fixed-layout\"><tbody><tr><td><\/td><\/tr><tr><td><em><strong>El Memorando de Entendimiento permitir\u00e1 fortalecer el intercambio de conocimiento, los Negocios Verdes y el desarrollo de iniciativas conjuntas entre el Atl\u00e1ntico y M\u00e9xico.<\/strong><\/em><br>En el marco del Foro Internacional de Econom\u00eda Circular FIEC 2026 M\u00e9xico\u2013Colombia, que se realiza en la Ciudad de M\u00e9xico, la Corporaci\u00f3n Aut\u00f3noma Regional del Atl\u00e1ntico \u2013C.R.A. y Estrategia Circular MX suscribieron un Memorando de Entendimiento (MOU) para fortalecer la cooperaci\u00f3n t\u00e9cnica, cient\u00edfica e institucional y promover nuevas iniciativas relacionadas con la econom\u00eda circular y el desarrollo sostenible.<br>El acuerdo representa un nuevo paso en la estrategia de cooperaci\u00f3n internacional y diplomacia ambiental de la C.R.A., al generar un marco de colaboraci\u00f3n con una organizaci\u00f3n especializada en econom\u00eda circular para intercambiar conocimientos, experiencias y buenas pr\u00e1cticas, as\u00ed como identificar y desarrollar proyectos de inter\u00e9s com\u00fan con alcance regional, nacional e internacional.<br>A trav\u00e9s del Memorando, las partes promover\u00e1n iniciativas orientadas a fortalecer la econom\u00eda circular, los Negocios Verdes, la innovaci\u00f3n ambiental y la gobernanza territorial, mediante acciones de asistencia t\u00e9cnica, transferencia de conocimiento, fortalecimiento de capacidades y formulaci\u00f3n conjunta de proyectos.<br>Uno de los principales componentes del acuerdo ser\u00e1 el fortalecimiento de los Negocios Verdes, buscando incorporar modelos de econom\u00eda circular, innovaci\u00f3n, acceso a mercados y mecanismos de financiamiento sostenible que contribuyan a incrementar su competitividad y generar valor econ\u00f3mico, social y ambiental.<br>La alianza tambi\u00e9n contempla impulsar la simbiosis industrial y la Responsabilidad Extendida del Productor (REP), mediante una mayor articulaci\u00f3n entre empresas, autoridades, gestores, academia y otros actores del territorio, con el prop\u00f3sito de fortalecer cadenas de valor circulares y promover un mejor aprovechamiento de los materiales.<br>De igual manera, las entidades trabajar\u00e1n en la adopci\u00f3n de est\u00e1ndares internacionales de econom\u00eda circular, herramientas digitales e indicadores que permitan medir el desempe\u00f1o y los impactos ambientales, sociales y econ\u00f3micos de las estrategias implementadas.<br>\u201c<em>Este acuerdo nos permite llevar la experiencia que estamos construyendo en el Atl\u00e1ntico a escenarios internacionales y, al mismo tiempo, abrir las puertas para que nuevas metodolog\u00edas, conocimiento e innovaci\u00f3n lleguen a nuestro territorio. La econom\u00eda circular es una oportunidad para generar competitividad, transformar nuestros modelos productivos y construir un desarrollo m\u00e1s sostenible<\/em>\u201d, se\u00f1al\u00f3 el director general de la C.R.A. Jes\u00fas Le\u00f3n Insignares.<br>La cooperaci\u00f3n aprovechar\u00e1 la experiencia de la C.R.A. como autoridad ambiental del Atl\u00e1ntico en \u00e1reas como la planificaci\u00f3n ambiental, los Negocios Verdes, la educaci\u00f3n ambiental, la adaptaci\u00f3n al cambio clim\u00e1tico y la conservaci\u00f3n de ecosistemas estrat\u00e9gicos, junto con la experiencia de Estrategia Circular MX en econom\u00eda circular, simbiosis industrial, REP, est\u00e1ndares internacionales y medici\u00f3n del desempe\u00f1o circular.<br>Como parte de la implementaci\u00f3n del acuerdo, las partes designar\u00e1n puntos focales y elaborar\u00e1n un plan de trabajo conjunto, en el que se definir\u00e1n las actividades concretas de colaboraci\u00f3n y las iniciativas que podr\u00e1n desarrollarse en el marco del Memorando.<br>La firma se realizar\u00e1 durante el FIEC 2026, escenario que reunir\u00e1 en M\u00e9xico a autoridades, academia, sector productivo, organizaciones sociales y expertos para intercambiar experiencias alrededor de la econom\u00eda circular. En este mismo espacio tambi\u00e9n se contempla la suscripci\u00f3n de una Carta de Intenci\u00f3n de Cooperaci\u00f3n Tripartita entre el Instituto Polit\u00e9cnico Nacional, la C.R.A. y Estrategia Circular MX.<br>Con este Memorando de Entendimiento, la C.R.A. fortalece su presencia en escenarios internacionales y consolida nuevas alianzas para convertir el conocimiento y la cooperaci\u00f3n en oportunidades concretas para el territorio, contribuyendo a acelerar la transici\u00f3n hacia modelos de producci\u00f3n y consumo m\u00e1s sostenibles y al posicionamiento del Atl\u00e1ntico como referente en gesti\u00f3n ambiental y econom\u00eda circular.<\/td><\/tr><\/tbody><\/table><\/figure>\n","protected":false},"excerpt":{"rendered":"<p>El Memorando de Entendimiento permitir\u00e1 fortalecer el intercambio de conocimiento, los Negocios Verdes y el desarrollo de iniciativas conjuntas entre el Atl\u00e1ntico y M\u00e9xico.En el marco del Foro Internacional de Econom\u00eda Circular FIEC 2026 M\u00e9xico\u2013Colombia, que se realiza en la Ciudad de M\u00e9xico, la Corporaci\u00f3n Aut\u00f3noma Regional del Atl\u00e1ntico \u2013C.R.A. y Estrategia Circular MX suscribieron&#8230;<\/p>\n","protected":false},"author":2,"featured_media":5802,"comment_status":"closed","ping_status":"","sticky":false,"template":"","format":"standard","meta":{"rs_blank_template":"","rs_page_bg_color":"","slide_template_v7":"","_kad_post_transparent":"","_kad_post_title":"","_kad_post_layout":"","_kad_post_sidebar_id":"","_kad_post_content_style":"","_kad_post_vertical_padding":"","_kad_post_feature":"","_kad_post_feature_position":"","_kad_post_header":false,"_kad_post_footer":false,"_kad_post_classname":"","footnotes":""},"categories":[54],"tags":[],"class_list":["post-5801","post","type-post","status-publish","format-standard","has-post-thumbnail","hentry","category-barranquilla"],"_links":{"self":[{"href":"https:\/\/universoradio.co\/index.php?rest_route=\/wp\/v2\/posts\/5801","targetHints":{"allow":["GET"]}}],"collection":[{"href":"https:\/\/universoradio.co\/index.php?rest_route=\/wp\/v2\/posts"}],"about":[{"href":"https:\/\/universoradio.co\/index.php?rest_route=\/wp\/v2\/types\/post"}],"author":[{"embeddable":true,"href":"https:\/\/universoradio.co\/index.php?rest_route=\/wp\/v2\/users\/2"}],"replies":[{"embeddable":true,"href":"https:\/\/universoradio.co\/index.php?rest_route=%2Fwp%2Fv2%2Fcomments&post=5801"}],"version-history":[{"count":1,"href":"https:\/\/universoradio.co\/index.php?rest_route=\/wp\/v2\/posts\/5801\/revisions"}],"predecessor-version":[{"id":5803,"href":"https:\/\/universoradio.co\/index.php?rest_route=\/wp\/v2\/posts\/5801\/revisions\/5803"}],"wp:featuredmedia":[{"embeddable":true,"href":"https:\/\/universoradio.co\/index.php?rest_route=\/wp\/v2\/media\/5802"}],"wp:attachment":[{"href":"https:\/\/universoradio.co\/index.php?rest_route=%2Fwp%2Fv2%2Fmedia&parent=5801"}],"wp:term":[{"taxonomy":"category","embeddable":true,"href":"https:\/\/universoradio.co\/index.php?rest_route=%2Fwp%2Fv2%2Fcategories&post=5801"},{"taxonomy":"post_tag","embeddable":true,"href":"https:\/\/universoradio.co\/index.php?rest_route=%2Fwp%2Fv2%2Ftags&post=5801"}],"curies":[{"name":"wp","href":"https:\/\/api.w.org\/{rel}","templated":true}]}}