{"id":5804,"date":"2026-09-03T14:46:24","date_gmt":"2026-09-03T19:46:24","guid":{"rendered":"https:\/\/universoradio.co\/?p=5804"},"modified":"2026-09-03T14:46:24","modified_gmt":"2026-09-03T19:46:24","slug":"alcalde-char-recibira-mas-de-40-mandatarios-internacionales-y-nacionales-para-impulsar-la-transformacion-urbana-resiliente-productiva-y-prospera-de-las-ciudades","status":"publish","type":"post","link":"https:\/\/universoradio.co\/?p=5804","title":{"rendered":"Alcalde Char recibir\u00e1 m\u00e1s de 40 mandatarios internacionales y nacionales para impulsar la transformaci\u00f3n urbana, resiliente, productiva y pr\u00f3spera de las ciudades\u00a0"},"content":{"rendered":"\n<p class=\"wp-block-paragraph\">La Reuni\u00f3n de Alcaldes 2026 de la Red de Ciudades del BID avanza por primera vez en dos ciudades sede. Barranquilla y Bogot\u00e1 han abierto sus puertas para mostrar la transformaci\u00f3n urbana en acci\u00f3n y comprender c\u00f3mo proyectos concretos pueden crecer, conectarse y convertirse en estrategias de ciudad.<br><br>Luego de cumplirse la primera parte de la agenda en la ciudad de Bogot\u00e1 con las primeras 3 sesiones tem\u00e1ticas, hoy \u20133 de septiembre\u2013, se trasladan a Barranquilla el grupo de mandatarios y l\u00edderes de Latinoam\u00e9rica y del Caribe para cumplir el inicio de la agenda con una sesi\u00f3n especial que conectar\u00e1 los aprendizajes adquiridos en esta primera etapa con la agenda que se cumplir\u00e1 en la capital del Atl\u00e1ntico.\u00a0<br>\u00a0<br>Esta sesi\u00f3n especial contempla el di\u00e1logo del alcalde Alejandro Char, quien manifest\u00f3 que: \u201cDesde hoy recibimos a alcaldes y l\u00edderes de estas regiones para participar en la Reuni\u00f3n de Alcaldes 2026 de la Red de Ciudades del BID, que inici\u00f3 en Bogot\u00e1 y contin\u00faa en nuestra ciudad. Ser\u00e1n d\u00edas para compartir experiencias, aprender de lo que est\u00e1n haciendo otros territorios y fortalecer la cooperaci\u00f3n para convertir los desaf\u00edos que tenemos en oportunidades para nuestra gente. \u00a1Bienvenidos a Barranquilla! Aqu\u00ed estamos listos para seguir construyendo ciudad\u201d. (<a href=\"https:\/\/us.list-manage.com\/OLMeTs0ccvy?e=5766432f32&c2id=c8a8b87bb99b59fa60bddf712efe374a\" target=\"_blank\" rel=\"noopener\">Ver publicaci\u00f3n)<\/a><br>\u00a0<br>Tambi\u00e9n hace parte de este recibimiento especial a los mandatarios, la conferencia de Klaus Wowereit, miembro del Partido Socialdem\u00f3crata de Alemania y exalcalde gobernador de Berl\u00edn, quien ya se encuentra en la ciudad y en sus primeras impresiones, destaca: \u201cSu ubicaci\u00f3n geogr\u00e1fica, el clima y considera a sus habitantes privilegiados de contar con un territorio que brinde tantas oportunidades de desarrollo sostenible\u201d.<br>\u00a0<br>De esta manera, en Barranquilla se cumplir\u00e1 la cuarta sesi\u00f3n tem\u00e1tica, dedicada al desarrollo econ\u00f3mico local y nuevas mesas de trabajo alrededor de la confianza institucional, econom\u00edas locales como la base para ciudades m\u00e1s productivas y la sesi\u00f3n de cierre de esta Reuni\u00f3n de Alcaldes.\u00a0<br><br>Tambi\u00e9n se realizar\u00e1 un recorrido exclusivo para los mandatarios, quienes tendr\u00e1n la oportunidad de ver la transformaci\u00f3n urbana en acci\u00f3n, con visitas guiadas por la ci\u00e9naga de Mallorqu\u00edn, el Museo a Cielo Abierto y el Gran Malec\u00f3n.<br><br>Para conocer la lista de los alcaldes e invitados especiales, puede consultar\u00a0<a href=\"https:\/\/us.list-manage.com\/Rh8ODfmOjZw?e=5766432f32&c2id=c8a8b87bb99b59fa60bddf712efe374a\" target=\"_blank\" rel=\"noopener\">https:\/\/bogota.gov.co\/2026\/<wbr>reunion-alcaldes\/<\/a><br>\u00a0<br><strong>La Metodolog\u00eda<\/strong><br>\u00a0<br>La Reuni\u00f3n de Alcaldes del BID es un espacio cerrado de di\u00e1logo t\u00e9cnico e intercambio de experiencias de alcaldes, mandatarios, l\u00edderes y organismos que contempla un documento t\u00e9cnico, que se convierte en una herramienta para acompa\u00f1ar y enriquecer los intercambios, experiencias y di\u00e1logos, con detalles y metodolog\u00eda de la agenda completa, los perfiles de los asistentes y los insumos que orientar\u00e1n las sesiones tem\u00e1ticas y las mesas de trabajo.<br>\u00a0<br><strong>As\u00ed va la agenda\u00a0<\/strong><br>\u00a0<br>Con el inicio de la agenda en Bogot\u00e1, los alcaldes abordaron temas como financiamiento sostenible, una condici\u00f3n esencial para llevar los proyectos urbanos a escala, y se abordaron sesiones tem\u00e1ticas alrededor de temas como la resiliencia social, resiliencia urbana. Tambi\u00e9n se realizaron recorridos de la L\u00ednea 1 del Metro y el Bronx Distrito Creativo.<br>\u00a0<br>La Red de Ciudades del BID naci\u00f3 hace casi una d\u00e9cada, desde la Divisi\u00f3n de Vivienda y Desarrollo Urbano, como una plataforma para conectar a las ciudades de Am\u00e9rica Latina y el Caribe, promover el intercambio de experiencias y fortalecer sus capacidades para impulsar un desarrollo urbano sostenible.<\/p>\n","protected":false},"excerpt":{"rendered":"<p>La Reuni\u00f3n de Alcaldes 2026 de la Red de Ciudades del BID avanza por primera vez en dos ciudades sede. Barranquilla y Bogot\u00e1 han abierto sus puertas para mostrar la transformaci\u00f3n urbana en acci\u00f3n y comprender c\u00f3mo proyectos concretos pueden crecer, conectarse y convertirse en estrategias de ciudad. Luego de cumplirse la primera parte de&#8230;<\/p>\n","protected":false},"author":2,"featured_media":5805,"comment_status":"closed","ping_status":"","sticky":false,"template":"","format":"standard","meta":{"rs_blank_template":"","rs_page_bg_color":"","slide_template_v7":"","_kad_post_transparent":"","_kad_post_title":"","_kad_post_layout":"","_kad_post_sidebar_id":"","_kad_post_content_style":"","_kad_post_vertical_padding":"","_kad_post_feature":"","_kad_post_feature_position":"","_kad_post_header":false,"_kad_post_footer":false,"_kad_post_classname":"","footnotes":""},"categories":[54],"tags":[],"class_list":["post-5804","post","type-post","status-publish","format-standard","has-post-thumbnail","hentry","category-barranquilla"],"_links":{"self":[{"href":"https:\/\/universoradio.co\/index.php?rest_route=\/wp\/v2\/posts\/5804","targetHints":{"allow":["GET"]}}],"collection":[{"href":"https:\/\/universoradio.co\/index.php?rest_route=\/wp\/v2\/posts"}],"about":[{"href":"https:\/\/universoradio.co\/index.php?rest_route=\/wp\/v2\/types\/post"}],"author":[{"embeddable":true,"href":"https:\/\/universoradio.co\/index.php?rest_route=\/wp\/v2\/users\/2"}],"replies":[{"embeddable":true,"href":"https:\/\/universoradio.co\/index.php?rest_route=%2Fwp%2Fv2%2Fcomments&post=5804"}],"version-history":[{"count":1,"href":"https:\/\/universoradio.co\/index.php?rest_route=\/wp\/v2\/posts\/5804\/revisions"}],"predecessor-version":[{"id":5806,"href":"https:\/\/universoradio.co\/index.php?rest_route=\/wp\/v2\/posts\/5804\/revisions\/5806"}],"wp:featuredmedia":[{"embeddable":true,"href":"https:\/\/universoradio.co\/index.php?rest_route=\/wp\/v2\/media\/5805"}],"wp:attachment":[{"href":"https:\/\/universoradio.co\/index.php?rest_route=%2Fwp%2Fv2%2Fmedia&parent=5804"}],"wp:term":[{"taxonomy":"category","embeddable":true,"href":"https:\/\/universoradio.co\/index.php?rest_route=%2Fwp%2Fv2%2Fcategories&post=5804"},{"taxonomy":"post_tag","embeddable":true,"href":"https:\/\/universoradio.co\/index.php?rest_route=%2Fwp%2Fv2%2Ftags&post=5804"}],"curies":[{"name":"wp","href":"https:\/\/api.w.org\/{rel}","templated":true}]}}